{"id":7417,"date":"2023-01-26T23:39:45","date_gmt":"2023-01-26T23:39:45","guid":{"rendered":"https:\/\/mifavorita.com.pa\/2017\/?p=7417"},"modified":"2023-01-26T23:39:46","modified_gmt":"2023-01-26T23:39:46","slug":"churuquita-grande-esta-lista-comienza-la-feria-de-la-naranja","status":"publish","type":"post","link":"https:\/\/mifavorita.com.pa\/2017\/churuquita-grande-esta-lista-comienza-la-feria-de-la-naranja\/","title":{"rendered":"CHURUQUITA GRANDE EST\u00c1 LISTA, COMIENZA LA FERIA DE LA NARANJA"},"content":{"rendered":"\n<p>DAMGELA DE LE\u00d3N <\/p>\n\n\n\n<p>M\u00e1s de 90 productores&nbsp;coclesanos&nbsp;participar\u00e1n de la versi\u00f3n n\u00famero 40 de la Feria Nacional de la Naranja en Churuquita Grande en Pajonal de Penonom\u00e9, la cual inicia oficialmente la noche del 26 de enero con un corte de cinta a cargo de&nbsp;Carlo Rognoni, Director Nacional del Instituto de Mercadeo Agropecuario.<\/p>\n\n\n\n<p>Para este a\u00f1o se han elaborado&nbsp;unos 38&nbsp;ranchos con materiales naturales y de la regi\u00f3n, sobre los terrenos en donde se ubica la Feria. Se ha escogido a la se\u00f1orita&nbsp;Adianez Hidalgo como reina de esta versi\u00f3n; ella es oriunda de la comunidad de El Potrero.&nbsp;<\/p>\n\n\n\n<p>Juan De Dios Dom\u00ednguez, director del Ministerio de Desarrollo Agropecuario en Cocl\u00e9, indic\u00f3 que los productores han tra\u00eddo de sus mejores c\u00edtricos para ofrecer al p\u00fablico, como las tan buscadas naranjas, mandarinas,toronjas, limones,&nbsp;limones persas, adem\u00e1s de otros productos agr\u00edcolas como yuca, \u00f1ame, otoe, camote, y muchas artesan\u00edas de la regi\u00f3n. Muchos de los productores son parte de los programas del Plan Colmena que lleva el Gobierno.&nbsp;<\/p>\n\n\n\n<p>El director tambi\u00e9n explic\u00f3 que esperan \u00e9xito rotundo en la venta de los productos, por lo que el MIDA ha planificado el abastecimiento diario de los puestos de los productores, adem\u00e1s de que hay buena cantidad de naranjas para ofrecer.&nbsp;<\/p>\n\n\n\n<p>Dom\u00ednguez tambi\u00e9n se refiri\u00f3 a la producci\u00f3n de naranjas en general, e indic\u00f3 que este a\u00f1o ha sido muy valiosa, ya que, aunque las cosechas de naranja nacional comenzaron desde octubre, en estos momentos se siguen cosechando otras especies que antes eran exclusivas para exportaci\u00f3n. Indic\u00f3 que el norte de Penonom\u00e9 tiene a las 2 empresas m\u00e1s grandes productoras de c\u00edtricos, las cuales acumulan m\u00e1s de mil 300 hect\u00e1reas de siembras.&nbsp;<\/p>\n\n\n\n<p>El Patronato de la Feria este a\u00f1o est\u00e1 integrado por la Autoridad de Turismo, el Banco de Desarrollo Agropecuario, Ministerio de Cultura, Ministerio de Comercio e Industria, Gobernaci\u00f3n y el MIDA. Tambi\u00e9n se llevar\u00e1n a cabo una degustaci\u00f3n y venta de caf\u00e9 org\u00e1nico, charlas a productores, concursos de labores y presentaciones folcl\u00f3ricas. La feria culminar\u00e1 la noche del domingo 29, y espera gran cantidad de visitantes.<\/p>\n","protected":false},"excerpt":{"rendered":"<p>DAMGELA DE LE\u00d3N M\u00e1s de 90 productores&nbsp;coclesanos&nbsp;participar\u00e1n de la versi\u00f3n n\u00famero 40 de la Feria Nacional de la Naranja en Churuquita Grande en Pajonal de Penonom\u00e9, la cual inicia oficialmente la noche del 26 de enero con un corte de cinta a cargo de&nbsp;Carlo Rognoni, Director Nacional del Instituto de Mercadeo Agropecuario. Para este a\u00f1o [&hellip;]<\/p>\n","protected":false},"author":2,"featured_media":7416,"comment_status":"closed","ping_status":"open","sticky":false,"template":"","format":"standard","meta":{"footnotes":""},"categories":[1],"tags":[],"class_list":["post-7417","post","type-post","status-publish","format-standard","has-post-thumbnail","hentry","category-noticias"],"_links":{"self":[{"href":"https:\/\/mifavorita.com.pa\/2017\/wp-json\/wp\/v2\/posts\/7417","targetHints":{"allow":["GET"]}}],"collection":[{"href":"https:\/\/mifavorita.com.pa\/2017\/wp-json\/wp\/v2\/posts"}],"about":[{"href":"https:\/\/mifavorita.com.pa\/2017\/wp-json\/wp\/v2\/types\/post"}],"author":[{"embeddable":true,"href":"https:\/\/mifavorita.com.pa\/2017\/wp-json\/wp\/v2\/users\/2"}],"replies":[{"embeddable":true,"href":"https:\/\/mifavorita.com.pa\/2017\/wp-json\/wp\/v2\/comments?post=7417"}],"version-history":[{"count":1,"href":"https:\/\/mifavorita.com.pa\/2017\/wp-json\/wp\/v2\/posts\/7417\/revisions"}],"predecessor-version":[{"id":7418,"href":"https:\/\/mifavorita.com.pa\/2017\/wp-json\/wp\/v2\/posts\/7417\/revisions\/7418"}],"wp:featuredmedia":[{"embeddable":true,"href":"https:\/\/mifavorita.com.pa\/2017\/wp-json\/wp\/v2\/media\/7416"}],"wp:attachment":[{"href":"https:\/\/mifavorita.com.pa\/2017\/wp-json\/wp\/v2\/media?parent=7417"}],"wp:term":[{"taxonomy":"category","embeddable":true,"href":"https:\/\/mifavorita.com.pa\/2017\/wp-json\/wp\/v2\/categories?post=7417"},{"taxonomy":"post_tag","embeddable":true,"href":"https:\/\/mifavorita.com.pa\/2017\/wp-json\/wp\/v2\/tags?post=7417"}],"curies":[{"name":"wp","href":"https:\/\/api.w.org\/{rel}","templated":true}]}}