{"id":7422,"date":"2023-01-30T18:39:54","date_gmt":"2023-01-30T18:39:54","guid":{"rendered":"https:\/\/mifavorita.com.pa\/2017\/?p=7422"},"modified":"2023-01-30T18:39:55","modified_gmt":"2023-01-30T18:39:55","slug":"octavo-foro-tributario-nacional-sera-realizado-en-la-provincia-de-cocle","status":"publish","type":"post","link":"https:\/\/mifavorita.com.pa\/2017\/octavo-foro-tributario-nacional-sera-realizado-en-la-provincia-de-cocle\/","title":{"rendered":"OCTAVO FORO TRIBUTARIO NACIONAL SER\u00c1 REALIZADO EN LA PROVINCIA DE COCL\u00c9"},"content":{"rendered":"\n<p>DAMGELA DE LE\u00d3N<\/p>\n\n\n\n<p>Con el fin de actualizar a todos los contadores p\u00fablicos autorizados, empresas y estudiantes de las ciencias contables, se realizar\u00e1 en la provincia de Cocl\u00e9 el Octavo Foro Tributario Nacional, el cual ser\u00e1 el 4 de febrero pr\u00f3ximo en el&nbsp;Centro de Innovaci\u00f3n, Desarrollo Tecnol\u00f3gico y Emprendimiento&nbsp;del Centro Regional Universitario en Penonom\u00e9.&nbsp;<\/p>\n\n\n\n<p>El mismo contar\u00e1 con modalidad presencial y virtual, y es organizado por la Asociaci\u00f3n de Contadores P\u00fablicos Autorizados, cap\u00edtulo de Cocl\u00e9.<\/p>\n\n\n\n<figure class=\"wp-block-image size-large\"><img fetchpriority=\"high\" decoding=\"async\" width=\"930\" height=\"1024\" src=\"https:\/\/mifavorita.com.pa\/2017\/wp-content\/uploads\/2023\/01\/img_6940-930x1024.jpg\" class=\"wp-image-7421\" srcset=\"https:\/\/mifavorita.com.pa\/2017\/wp-content\/uploads\/2023\/01\/img_6940-930x1024.jpg 930w, https:\/\/mifavorita.com.pa\/2017\/wp-content\/uploads\/2023\/01\/img_6940-272x300.jpg 272w, https:\/\/mifavorita.com.pa\/2017\/wp-content\/uploads\/2023\/01\/img_6940-768x846.jpg 768w, https:\/\/mifavorita.com.pa\/2017\/wp-content\/uploads\/2023\/01\/img_6940-1200x1322.jpg 1200w, https:\/\/mifavorita.com.pa\/2017\/wp-content\/uploads\/2023\/01\/img_6940.jpg 1244w\" sizes=\"(max-width: 930px) 100vw, 930px\" \/><\/figure>\n\n\n\n<p>Gianela Giono, presidenta de la Asociaci\u00f3n en la provincia, dice que esta es una oportunidad para que todo aquel interesado pueda ampliar sus conocimientos en diversos temas novedosos,&nbsp;como responsabilidades tributarias, tributaci\u00f3n para las peque\u00f1as y medianas empresas, efectos del impuesto global, entre otros, adem\u00e1s que tambi\u00e9n pueden conocer acerca de la organizaci\u00f3n y unirse.&nbsp;<\/p>\n\n\n\n<p>Por su parte, Noris Arias, miembro de la Asociaci\u00f3n, explic\u00f3 la importancia que tiene para cada contador mantenerse actualizado por el bien de las empresas a las que asesora, como para los empresarios, para as\u00ed cumplir con las disposiciones legales, una de ellas la facturaci\u00f3n electr\u00f3nica, a continuaci\u00f3n, la cual ya es obligatoria para cada empresa, y viene a modificar nuevamente este campo.&nbsp;<a><\/a><\/p>\n\n\n\n<p>Los precios var\u00edan seg\u00fan los participantes y las modalidades, sin embargo, es necesario que con d\u00edas previos se pueda completar el mismo para garantizar su participaci\u00f3n. Este foro se realiza cada a\u00f1o en una provincia diferente, y para esta octava edici\u00f3n tendr\u00e1n expositores de talla nacional con experiencia internacional, en su mayor\u00eda docentes, quienes de forma completa podr\u00e1n instruir a los participantes.<\/p>\n","protected":false},"excerpt":{"rendered":"<p>DAMGELA DE LE\u00d3N Con el fin de actualizar a todos los contadores p\u00fablicos autorizados, empresas y estudiantes de las ciencias contables, se realizar\u00e1 en la provincia de Cocl\u00e9 el Octavo Foro Tributario Nacional, el cual ser\u00e1 el 4 de febrero pr\u00f3ximo en el&nbsp;Centro de Innovaci\u00f3n, Desarrollo Tecnol\u00f3gico y Emprendimiento&nbsp;del Centro Regional Universitario en Penonom\u00e9.&nbsp; El [&hellip;]<\/p>\n","protected":false},"author":2,"featured_media":7420,"comment_status":"closed","ping_status":"open","sticky":false,"template":"","format":"standard","meta":{"footnotes":""},"categories":[1],"tags":[],"class_list":["post-7422","post","type-post","status-publish","format-standard","has-post-thumbnail","hentry","category-noticias"],"_links":{"self":[{"href":"https:\/\/mifavorita.com.pa\/2017\/wp-json\/wp\/v2\/posts\/7422","targetHints":{"allow":["GET"]}}],"collection":[{"href":"https:\/\/mifavorita.com.pa\/2017\/wp-json\/wp\/v2\/posts"}],"about":[{"href":"https:\/\/mifavorita.com.pa\/2017\/wp-json\/wp\/v2\/types\/post"}],"author":[{"embeddable":true,"href":"https:\/\/mifavorita.com.pa\/2017\/wp-json\/wp\/v2\/users\/2"}],"replies":[{"embeddable":true,"href":"https:\/\/mifavorita.com.pa\/2017\/wp-json\/wp\/v2\/comments?post=7422"}],"version-history":[{"count":1,"href":"https:\/\/mifavorita.com.pa\/2017\/wp-json\/wp\/v2\/posts\/7422\/revisions"}],"predecessor-version":[{"id":7423,"href":"https:\/\/mifavorita.com.pa\/2017\/wp-json\/wp\/v2\/posts\/7422\/revisions\/7423"}],"wp:featuredmedia":[{"embeddable":true,"href":"https:\/\/mifavorita.com.pa\/2017\/wp-json\/wp\/v2\/media\/7420"}],"wp:attachment":[{"href":"https:\/\/mifavorita.com.pa\/2017\/wp-json\/wp\/v2\/media?parent=7422"}],"wp:term":[{"taxonomy":"category","embeddable":true,"href":"https:\/\/mifavorita.com.pa\/2017\/wp-json\/wp\/v2\/categories?post=7422"},{"taxonomy":"post_tag","embeddable":true,"href":"https:\/\/mifavorita.com.pa\/2017\/wp-json\/wp\/v2\/tags?post=7422"}],"curies":[{"name":"wp","href":"https:\/\/api.w.org\/{rel}","templated":true}]}}