{"id":7426,"date":"2023-01-30T18:46:58","date_gmt":"2023-01-30T18:46:58","guid":{"rendered":"https:\/\/mifavorita.com.pa\/2017\/?p=7426"},"modified":"2023-01-30T18:46:59","modified_gmt":"2023-01-30T18:46:59","slug":"se-reporta-gran-asistencia-a-las-agroferias-del-ima-en-toda-la-provincia","status":"publish","type":"post","link":"https:\/\/mifavorita.com.pa\/2017\/se-reporta-gran-asistencia-a-las-agroferias-del-ima-en-toda-la-provincia\/","title":{"rendered":"SE REPORTA GRAN ASISTENCIA A LAS AGROFERIAS DEL IMA EN TODA LA PROVINCIA"},"content":{"rendered":"\n<p>DAMGELA DE LE\u00d3N <\/p>\n\n\n\n<p>Como parte del calendario de Agro ferias, el Instituto de Mercadeo Agropecuario en la provincia de Cocl\u00e9, ha establecido las fechas para las ferias de los pr\u00f3ximos d\u00edas, que iniciar\u00e1n, desde la comunidad de El Chir\u00fa en Ant\u00f3n&nbsp;el martes 31 en la casa local, con el tan buscado arroz y productos agr\u00edcolas a precios c\u00f3modos, por lo que se les invita a los residentes de sectores cercanos para que asistan y aprovechen.&nbsp;<\/p>\n\n\n\n<p>As\u00ed lo anunci\u00f3 Fernando Herrera, director del IMA en Cocl\u00e9, quien tambi\u00e9n dijo que esta semana ser\u00e1 muy movida ya que visitar\u00e1n corregimientos de todos los distritos para que las personas puedan dirigirse a la feria m\u00e1s cercana.&nbsp;<\/p>\n\n\n\n<p>El mi\u00e9rcoles 1 de febrero, se dirigir\u00e1n hasta las Huacas de Nat\u00e1, y el jueves 2, visitar\u00e1n Toabr\u00e9 y parte de Tul\u00fa de Penonom\u00e9, comenzando desde Banazo hasta la comunidad de San Isidro, y el viernes 3 est\u00e1n en El Cristo de Ol\u00e1. <\/p>\n\n\n\n<figure class=\"wp-block-image size-large\"><img fetchpriority=\"high\" decoding=\"async\" width=\"300\" height=\"222\" src=\"https:\/\/mifavorita.com.pa\/2017\/wp-content\/uploads\/2023\/01\/img_6943-300x222.jpg\" class=\"wp-image-7425\" srcset=\"https:\/\/mifavorita.com.pa\/2017\/wp-content\/uploads\/2023\/01\/img_6943-300x222.jpg 300w, https:\/\/mifavorita.com.pa\/2017\/wp-content\/uploads\/2023\/01\/img_6943-768x569.jpg 768w, https:\/\/mifavorita.com.pa\/2017\/wp-content\/uploads\/2023\/01\/img_6943.jpg 911w\" sizes=\"(max-width: 300px) 100vw, 300px\" \/><\/figure>\n\n\n\n<p>El d\u00eda s\u00e1bado 4 de febrero, la feria se trasladar\u00e1 al nuevo corregimiento de Las Minas, que tendr\u00e1 su primera Feria Artesanal, en donde tambi\u00e9n se ofrecer\u00e1n productos de la regi\u00f3n y el tan gustado arroz, que, para la Feria de la Naranja, en donde se hab\u00edan destinado 400 quintales, se logr\u00f3 vender en su totalidad. &nbsp;<\/p>\n\n\n\n<p>Seg\u00fan el director del IMA para el jueves 2 de febrero se espera la entrega de la orden de proceder e inauguraci\u00f3n de la Agro tienda en la calle 3 de noviembre en Penonom\u00e9, que 2 veces a la semana, ofrecer\u00e1 los productos a toda la poblaci\u00f3n igual que en la tienda del Mercado P\u00fablico Agro Artesanal de La Pintada.<\/p>\n","protected":false},"excerpt":{"rendered":"<p>DAMGELA DE LE\u00d3N Como parte del calendario de Agro ferias, el Instituto de Mercadeo Agropecuario en la provincia de Cocl\u00e9, ha establecido las fechas para las ferias de los pr\u00f3ximos d\u00edas, que iniciar\u00e1n, desde la comunidad de El Chir\u00fa en Ant\u00f3n&nbsp;el martes 31 en la casa local, con el tan buscado arroz y productos agr\u00edcolas [&hellip;]<\/p>\n","protected":false},"author":2,"featured_media":7424,"comment_status":"closed","ping_status":"open","sticky":false,"template":"","format":"standard","meta":{"footnotes":""},"categories":[1],"tags":[],"class_list":["post-7426","post","type-post","status-publish","format-standard","has-post-thumbnail","hentry","category-noticias"],"_links":{"self":[{"href":"https:\/\/mifavorita.com.pa\/2017\/wp-json\/wp\/v2\/posts\/7426","targetHints":{"allow":["GET"]}}],"collection":[{"href":"https:\/\/mifavorita.com.pa\/2017\/wp-json\/wp\/v2\/posts"}],"about":[{"href":"https:\/\/mifavorita.com.pa\/2017\/wp-json\/wp\/v2\/types\/post"}],"author":[{"embeddable":true,"href":"https:\/\/mifavorita.com.pa\/2017\/wp-json\/wp\/v2\/users\/2"}],"replies":[{"embeddable":true,"href":"https:\/\/mifavorita.com.pa\/2017\/wp-json\/wp\/v2\/comments?post=7426"}],"version-history":[{"count":1,"href":"https:\/\/mifavorita.com.pa\/2017\/wp-json\/wp\/v2\/posts\/7426\/revisions"}],"predecessor-version":[{"id":7427,"href":"https:\/\/mifavorita.com.pa\/2017\/wp-json\/wp\/v2\/posts\/7426\/revisions\/7427"}],"wp:featuredmedia":[{"embeddable":true,"href":"https:\/\/mifavorita.com.pa\/2017\/wp-json\/wp\/v2\/media\/7424"}],"wp:attachment":[{"href":"https:\/\/mifavorita.com.pa\/2017\/wp-json\/wp\/v2\/media?parent=7426"}],"wp:term":[{"taxonomy":"category","embeddable":true,"href":"https:\/\/mifavorita.com.pa\/2017\/wp-json\/wp\/v2\/categories?post=7426"},{"taxonomy":"post_tag","embeddable":true,"href":"https:\/\/mifavorita.com.pa\/2017\/wp-json\/wp\/v2\/tags?post=7426"}],"curies":[{"name":"wp","href":"https:\/\/api.w.org\/{rel}","templated":true}]}}