{"id":7435,"date":"2023-01-30T23:25:12","date_gmt":"2023-01-30T23:25:12","guid":{"rendered":"https:\/\/mifavorita.com.pa\/2017\/?p=7435"},"modified":"2023-01-30T23:25:14","modified_gmt":"2023-01-30T23:25:14","slug":"lanzan-el-primer-concurso-de-fotografia-de-humedales-de-cocle","status":"publish","type":"post","link":"https:\/\/mifavorita.com.pa\/2017\/lanzan-el-primer-concurso-de-fotografia-de-humedales-de-cocle\/","title":{"rendered":"LANZAN EL PRIMER CONCURSO DE FOTOGRAF\u00cdA DE HUMEDALES DE COCL\u00c9"},"content":{"rendered":"\n<p>DAMGELA DE LE\u00d3N<\/p>\n\n\n\n<p>En marco de la celebraci\u00f3n del D\u00eda Mundial de los Humedales, el Ministerio de Ambiente de la regional de Cocl\u00e9 en conjunto con la Alcald\u00eda de Ant\u00f3n y empresa privada, realizar\u00e1n el Primer Concurso Fotograf\u00eda de Humedales de Cocl\u00e9, el cual abri\u00f3 convocatorias el 26 de enero y cerrar\u00e1 el 1 de febrero. Este concurso es dirigido a todo ciudadano mayor de 18 a\u00f1os, y recoger\u00e1 trabajos fotogr\u00e1ficos realizados en humedales, lagos, esteros, llanuras inundadas o estanques de Cocl\u00e9.&nbsp;<\/p>\n\n\n\n<p>En este concurso, 3 jurados escoger\u00e1n a los 3 primeros lugares en un acto de exposici\u00f3n que se realizar\u00e1 en la Casa de la Cultura de Ant\u00f3n a partir de las 10 de la ma\u00f1ana del jueves 2 de febrero. A trav\u00e9s de esta actividad se busca crear conciencia en el cuidado de estos cuerpos de&nbsp;agua, que, en la provincia, mayormente se ubican en Ant\u00f3n.&nbsp;<\/p>\n\n\n\n<figure class=\"wp-block-image size-large\"><img fetchpriority=\"high\" decoding=\"async\" width=\"1024\" height=\"768\" src=\"https:\/\/mifavorita.com.pa\/2017\/wp-content\/uploads\/2023\/01\/img_6950-1-1024x768.jpg\" class=\"wp-image-7434\" srcset=\"https:\/\/mifavorita.com.pa\/2017\/wp-content\/uploads\/2023\/01\/img_6950-1-1024x768.jpg 1024w, https:\/\/mifavorita.com.pa\/2017\/wp-content\/uploads\/2023\/01\/img_6950-1-300x225.jpg 300w, https:\/\/mifavorita.com.pa\/2017\/wp-content\/uploads\/2023\/01\/img_6950-1-768x576.jpg 768w, https:\/\/mifavorita.com.pa\/2017\/wp-content\/uploads\/2023\/01\/img_6950-1-1536x1152.jpg 1536w, https:\/\/mifavorita.com.pa\/2017\/wp-content\/uploads\/2023\/01\/img_6950-1-2048x1536.jpg 2048w, https:\/\/mifavorita.com.pa\/2017\/wp-content\/uploads\/2023\/01\/img_6950-1-1200x900.jpg 1200w, https:\/\/mifavorita.com.pa\/2017\/wp-content\/uploads\/2023\/01\/img_6950-1-1980x1485.jpg 1980w\" sizes=\"(max-width: 1024px) 100vw, 1024px\" \/><\/figure>\n\n\n\n<p>Chiara Ramos, directora de MiAmbiente en Cocl\u00e9, indic\u00f3 que esta iniciativa es una novedad que trae la instituci\u00f3n para festejar tan importante fecha, que, adem\u00e1s, incluir\u00e1 la pintura de murales en Ant\u00f3n para recordar los beneficios que los humedales ofrecen al hombre, adem\u00e1s que en otros a\u00f1os ya se han realizado iniciativas,&nbsp;como concursos de pinturas y limpiezas<a><\/a>, sin embargo, quer\u00edan hacer algo diferente.&nbsp;<\/p>\n\n\n\n<p>Las fotograf\u00edas ser\u00e1n recibidas en las sedes regionales de MiAmbiente en Cocl\u00e9, con unas especificaciones de calidad&nbsp;anal\u00f3gica o digital,&nbsp;y de entrega&nbsp;en formato USB, CD o impreso con un tama\u00f1o 8 1\/1 por 11 pulgadas, que&nbsp;puede ser tomada con una c\u00e1mara profesional o con un dispositivo m\u00f3vil.&nbsp;<\/p>\n\n\n\n<p>Los detalles del concurso se encuentran en la cuenta de Instagram del Municipio de Ant\u00f3n y del Ministerio de Ambiente. Las fotograf\u00edas ganadoras ser\u00e1n utilizadas como material educativo en campa\u00f1as de la instituci\u00f3n.<\/p>\n","protected":false},"excerpt":{"rendered":"<p>DAMGELA DE LE\u00d3N En marco de la celebraci\u00f3n del D\u00eda Mundial de los Humedales, el Ministerio de Ambiente de la regional de Cocl\u00e9 en conjunto con la Alcald\u00eda de Ant\u00f3n y empresa privada, realizar\u00e1n el Primer Concurso Fotograf\u00eda de Humedales de Cocl\u00e9, el cual abri\u00f3 convocatorias el 26 de enero y cerrar\u00e1 el 1 de [&hellip;]<\/p>\n","protected":false},"author":2,"featured_media":7432,"comment_status":"closed","ping_status":"open","sticky":false,"template":"","format":"standard","meta":{"footnotes":""},"categories":[1],"tags":[],"class_list":["post-7435","post","type-post","status-publish","format-standard","has-post-thumbnail","hentry","category-noticias"],"_links":{"self":[{"href":"https:\/\/mifavorita.com.pa\/2017\/wp-json\/wp\/v2\/posts\/7435","targetHints":{"allow":["GET"]}}],"collection":[{"href":"https:\/\/mifavorita.com.pa\/2017\/wp-json\/wp\/v2\/posts"}],"about":[{"href":"https:\/\/mifavorita.com.pa\/2017\/wp-json\/wp\/v2\/types\/post"}],"author":[{"embeddable":true,"href":"https:\/\/mifavorita.com.pa\/2017\/wp-json\/wp\/v2\/users\/2"}],"replies":[{"embeddable":true,"href":"https:\/\/mifavorita.com.pa\/2017\/wp-json\/wp\/v2\/comments?post=7435"}],"version-history":[{"count":1,"href":"https:\/\/mifavorita.com.pa\/2017\/wp-json\/wp\/v2\/posts\/7435\/revisions"}],"predecessor-version":[{"id":7436,"href":"https:\/\/mifavorita.com.pa\/2017\/wp-json\/wp\/v2\/posts\/7435\/revisions\/7436"}],"wp:featuredmedia":[{"embeddable":true,"href":"https:\/\/mifavorita.com.pa\/2017\/wp-json\/wp\/v2\/media\/7432"}],"wp:attachment":[{"href":"https:\/\/mifavorita.com.pa\/2017\/wp-json\/wp\/v2\/media?parent=7435"}],"wp:term":[{"taxonomy":"category","embeddable":true,"href":"https:\/\/mifavorita.com.pa\/2017\/wp-json\/wp\/v2\/categories?post=7435"},{"taxonomy":"post_tag","embeddable":true,"href":"https:\/\/mifavorita.com.pa\/2017\/wp-json\/wp\/v2\/tags?post=7435"}],"curies":[{"name":"wp","href":"https:\/\/api.w.org\/{rel}","templated":true}]}}