{"id":7440,"date":"2023-02-01T00:13:38","date_gmt":"2023-02-01T00:13:38","guid":{"rendered":"https:\/\/mifavorita.com.pa\/2017\/?p=7440"},"modified":"2023-02-01T00:13:41","modified_gmt":"2023-02-01T00:13:41","slug":"detectan-dos-casos-de-hanta-virus-en-cocle","status":"publish","type":"post","link":"https:\/\/mifavorita.com.pa\/2017\/detectan-dos-casos-de-hanta-virus-en-cocle\/","title":{"rendered":"DETECTAN DOS CASOS DE HANTA VIRUS EN COCL\u00c9."},"content":{"rendered":"\n<p>EDILSA GONZALEZ ROCA<\/p>\n\n\n\n<p>Dos mujeres, una de 38 y otra de 51 a\u00f1os son los primeros casos de Hantavirus reportados este a\u00f1o 2023 en la provincia de Cocl\u00e9, ambas est\u00e1n en sus residencias fuera de peligro, seg\u00fan inform\u00f3 la jefa de salud P\u00fablica del Minsa Obdulia Araica de Montilla, quien indic\u00f3 que mantienen la vigilancia sanitaria en toda la regi\u00f3n ante la posibilidad de que se presenten nuevos casos.<\/p>\n\n\n\n<p>Los casos se reportaron uno en el distrito de Nat\u00e1 y otro en el distrito de Penonom\u00e9, en donde las autoridades de epidemiologia del Minsa realizaron una investigaci\u00f3n y trazabilidad para evitar que se den nuevo contagios y se realizan las limpiezas necesarias en las \u00e1reas en donde regularmente hay mucha suciedad y basura acumulada, lo que hace propicio para el ambiente para la llegada de roedores.<\/p>\n\n\n\n<figure class=\"wp-block-image size-large\"><img fetchpriority=\"high\" decoding=\"async\" width=\"1024\" height=\"768\" src=\"https:\/\/mifavorita.com.pa\/2017\/wp-content\/uploads\/2023\/02\/2ccf7a1a-10b5-463e-8715-476fb9f280fe-1024x768.jpg\" class=\"wp-image-7439\" srcset=\"https:\/\/mifavorita.com.pa\/2017\/wp-content\/uploads\/2023\/02\/2ccf7a1a-10b5-463e-8715-476fb9f280fe-1024x768.jpg 1024w, https:\/\/mifavorita.com.pa\/2017\/wp-content\/uploads\/2023\/02\/2ccf7a1a-10b5-463e-8715-476fb9f280fe-300x225.jpg 300w, https:\/\/mifavorita.com.pa\/2017\/wp-content\/uploads\/2023\/02\/2ccf7a1a-10b5-463e-8715-476fb9f280fe-768x576.jpg 768w, https:\/\/mifavorita.com.pa\/2017\/wp-content\/uploads\/2023\/02\/2ccf7a1a-10b5-463e-8715-476fb9f280fe-1536x1152.jpg 1536w, https:\/\/mifavorita.com.pa\/2017\/wp-content\/uploads\/2023\/02\/2ccf7a1a-10b5-463e-8715-476fb9f280fe-1200x900.jpg 1200w, https:\/\/mifavorita.com.pa\/2017\/wp-content\/uploads\/2023\/02\/2ccf7a1a-10b5-463e-8715-476fb9f280fe.jpg 1600w\" sizes=\"(max-width: 1024px) 100vw, 1024px\" \/><\/figure>\n\n\n\n<p>Indic\u00f3 que es importante durante esta \u00e9poca de verano, por ser Cocl\u00e9 una provincia end\u00e9mica en la presencia de roedores portadores del virus Hanta, que se mantengan las medidas de prevenci\u00f3n debido a que por la falta de agua y la disminuci\u00f3n de alimentos en el campo los roedores busquen hacia las viviendas.<\/p>\n\n\n\n<p>La doctora hizo el llamado a la poblaci\u00f3n principalmente ante la cercan\u00eda de la celebraci\u00f3n de los carnavales en donde habr\u00e1 aglomeraci\u00f3n de personas y en donde se alquilar\u00e1n viviendas que han estado cerradas a seguir las recomendaciones en cuanto a la limpieza de las habitaciones.<\/p>\n\n\n\n<figure class=\"wp-block-image size-large\"><img decoding=\"async\" width=\"1024\" height=\"1024\" src=\"https:\/\/mifavorita.com.pa\/2017\/wp-content\/uploads\/2023\/02\/a7794775-a123-4216-ba4c-30b707e95e56-1024x1024.jpg\" class=\"wp-image-7438\" srcset=\"https:\/\/mifavorita.com.pa\/2017\/wp-content\/uploads\/2023\/02\/a7794775-a123-4216-ba4c-30b707e95e56-1024x1024.jpg 1024w, https:\/\/mifavorita.com.pa\/2017\/wp-content\/uploads\/2023\/02\/a7794775-a123-4216-ba4c-30b707e95e56-300x300.jpg 300w, https:\/\/mifavorita.com.pa\/2017\/wp-content\/uploads\/2023\/02\/a7794775-a123-4216-ba4c-30b707e95e56-150x150.jpg 150w, https:\/\/mifavorita.com.pa\/2017\/wp-content\/uploads\/2023\/02\/a7794775-a123-4216-ba4c-30b707e95e56-768x768.jpg 768w, https:\/\/mifavorita.com.pa\/2017\/wp-content\/uploads\/2023\/02\/a7794775-a123-4216-ba4c-30b707e95e56-1536x1536.jpg 1536w, https:\/\/mifavorita.com.pa\/2017\/wp-content\/uploads\/2023\/02\/a7794775-a123-4216-ba4c-30b707e95e56-1200x1200.jpg 1200w, https:\/\/mifavorita.com.pa\/2017\/wp-content\/uploads\/2023\/02\/a7794775-a123-4216-ba4c-30b707e95e56.jpg 1600w\" sizes=\"(max-width: 1024px) 100vw, 1024px\" \/><\/figure>\n\n\n\n<p>Recomend\u00f3 mantener bien tapadas las cosechas de granos como arroz y ma\u00edz, ventilar las viviendas cerradas antes de ser ocupadas y procurar la limpieza en h\u00famedo con cloro y el uso de mascarillas para evitar el contagio con la enfermedad y ante cualquier s\u00edntoma acudir de inmediato a un centro hospitalario.<\/p>\n","protected":false},"excerpt":{"rendered":"<p>EDILSA GONZALEZ ROCA Dos mujeres, una de 38 y otra de 51 a\u00f1os son los primeros casos de Hantavirus reportados este a\u00f1o 2023 en la provincia de Cocl\u00e9, ambas est\u00e1n en sus residencias fuera de peligro, seg\u00fan inform\u00f3 la jefa de salud P\u00fablica del Minsa Obdulia Araica de Montilla, quien indic\u00f3 que mantienen la vigilancia [&hellip;]<\/p>\n","protected":false},"author":2,"featured_media":7437,"comment_status":"closed","ping_status":"open","sticky":false,"template":"","format":"standard","meta":{"footnotes":""},"categories":[1],"tags":[],"class_list":["post-7440","post","type-post","status-publish","format-standard","has-post-thumbnail","hentry","category-noticias"],"_links":{"self":[{"href":"https:\/\/mifavorita.com.pa\/2017\/wp-json\/wp\/v2\/posts\/7440","targetHints":{"allow":["GET"]}}],"collection":[{"href":"https:\/\/mifavorita.com.pa\/2017\/wp-json\/wp\/v2\/posts"}],"about":[{"href":"https:\/\/mifavorita.com.pa\/2017\/wp-json\/wp\/v2\/types\/post"}],"author":[{"embeddable":true,"href":"https:\/\/mifavorita.com.pa\/2017\/wp-json\/wp\/v2\/users\/2"}],"replies":[{"embeddable":true,"href":"https:\/\/mifavorita.com.pa\/2017\/wp-json\/wp\/v2\/comments?post=7440"}],"version-history":[{"count":1,"href":"https:\/\/mifavorita.com.pa\/2017\/wp-json\/wp\/v2\/posts\/7440\/revisions"}],"predecessor-version":[{"id":7441,"href":"https:\/\/mifavorita.com.pa\/2017\/wp-json\/wp\/v2\/posts\/7440\/revisions\/7441"}],"wp:featuredmedia":[{"embeddable":true,"href":"https:\/\/mifavorita.com.pa\/2017\/wp-json\/wp\/v2\/media\/7437"}],"wp:attachment":[{"href":"https:\/\/mifavorita.com.pa\/2017\/wp-json\/wp\/v2\/media?parent=7440"}],"wp:term":[{"taxonomy":"category","embeddable":true,"href":"https:\/\/mifavorita.com.pa\/2017\/wp-json\/wp\/v2\/categories?post=7440"},{"taxonomy":"post_tag","embeddable":true,"href":"https:\/\/mifavorita.com.pa\/2017\/wp-json\/wp\/v2\/tags?post=7440"}],"curies":[{"name":"wp","href":"https:\/\/api.w.org\/{rel}","templated":true}]}}