{"id":7449,"date":"2023-02-01T21:26:12","date_gmt":"2023-02-01T21:26:12","guid":{"rendered":"https:\/\/mifavorita.com.pa\/2017\/?p=7449"},"modified":"2023-02-01T21:26:33","modified_gmt":"2023-02-01T21:26:33","slug":"aprehenden-dos-sujetos-por-microtrafico-en-operacion-don-bosco-rio-grande","status":"publish","type":"post","link":"https:\/\/mifavorita.com.pa\/2017\/aprehenden-dos-sujetos-por-microtrafico-en-operacion-don-bosco-rio-grande\/","title":{"rendered":"APREHENDEN DOS SUJETOS POR MICROTR\u00c1FICO EN OPERACI\u00d3N DON BOSCO-R\u00cdO GRANDE"},"content":{"rendered":"\n<p>DAMGELA DE LE\u00d3N<\/p>\n\n\n\n<p>Dos&nbsp;hombres&nbsp;aprehendidos, m\u00e1s de 30 carrizos con presunta sustancia&nbsp;coca\u00edna, cajetas de cigarrillos de contrabando, hierba seca&nbsp;que se presume sea marihuana, un triturador, un celular y dinero en efectivo, fue parte de un allanamientorealizado en&nbsp;una residencia&nbsp;en&nbsp;la comunidad de R\u00edo Grande de Penonom\u00e9, como parte de la operaci\u00f3n Don Bosco-R\u00edo Grande.<\/p>\n\n\n\n<p>La misma fue&nbsp;realizada la ma\u00f1ana del 1 de febrero por unidades de la Direcci\u00f3n Nacional de Investigaci\u00f3n Policialde Cocl\u00e9, en conjunto con&nbsp;el Ministerio P\u00fablico.&nbsp;<\/p>\n\n\n\n<p>C\u00e9sar Herrera, jefe de la segunda zona policial de Cocl\u00e9, indic\u00f3 que estas acciones operativas se dan tambi\u00e9n gracias a la cooperaci\u00f3n ciudadana, y a las investigaciones pertinentes que las autoridades realizan con el fin de detener el microtr\u00e1fico en la provincia.<\/p>\n\n\n\n<figure class=\"wp-block-image size-large\"><img fetchpriority=\"high\" decoding=\"async\" width=\"1024\" height=\"768\" src=\"https:\/\/mifavorita.com.pa\/2017\/wp-content\/uploads\/2023\/02\/img_7123-1-1024x768.jpg\" class=\"wp-image-7447\" srcset=\"https:\/\/mifavorita.com.pa\/2017\/wp-content\/uploads\/2023\/02\/img_7123-1-1024x768.jpg 1024w, https:\/\/mifavorita.com.pa\/2017\/wp-content\/uploads\/2023\/02\/img_7123-1-300x225.jpg 300w, https:\/\/mifavorita.com.pa\/2017\/wp-content\/uploads\/2023\/02\/img_7123-1-768x576.jpg 768w, https:\/\/mifavorita.com.pa\/2017\/wp-content\/uploads\/2023\/02\/img_7123-1-1536x1152.jpg 1536w, https:\/\/mifavorita.com.pa\/2017\/wp-content\/uploads\/2023\/02\/img_7123-1-2048x1536.jpg 2048w, https:\/\/mifavorita.com.pa\/2017\/wp-content\/uploads\/2023\/02\/img_7123-1-1200x900.jpg 1200w, https:\/\/mifavorita.com.pa\/2017\/wp-content\/uploads\/2023\/02\/img_7123-1-1980x1485.jpg 1980w\" sizes=\"(max-width: 1024px) 100vw, 1024px\" \/><\/figure>\n\n\n\n<p>Los dos sujetos, de 26 y 37 a\u00f1os, fueron puestos a \u00f3rdenes del Ministerio P\u00fablico que se encargar\u00e1 de realizar las pertinentes investigaciones.&nbsp;Por el delito de microtr\u00e1fico, las penas son de m\u00ednimo 8 a\u00f1os de c\u00e1rcel. En este caso, la operaci\u00f3n se dio gracias a una llamada an\u00f3nima, que ofreci\u00f3 todos los detalles para lograr dar con la residencia.&nbsp;<\/p>\n\n\n\n<p>El subcomisionado tambi\u00e9n mencion\u00f3 que ya han establecido una estrategia para los d\u00edas de carnavales, ya que suponen que personas dedicadas a la venta de sustancias il\u00edcitas puedan dirigirse a la provincia de Cocl\u00e9, de manera en que se prevengan situaciones en los puntos de fiesta.<\/p>\n","protected":false},"excerpt":{"rendered":"<p>DAMGELA DE LE\u00d3N Dos&nbsp;hombres&nbsp;aprehendidos, m\u00e1s de 30 carrizos con presunta sustancia&nbsp;coca\u00edna, cajetas de cigarrillos de contrabando, hierba seca&nbsp;que se presume sea marihuana, un triturador, un celular y dinero en efectivo, fue parte de un allanamientorealizado en&nbsp;una residencia&nbsp;en&nbsp;la comunidad de R\u00edo Grande de Penonom\u00e9, como parte de la operaci\u00f3n Don Bosco-R\u00edo Grande. La misma fue&nbsp;realizada la [&hellip;]<\/p>\n","protected":false},"author":2,"featured_media":7448,"comment_status":"closed","ping_status":"open","sticky":false,"template":"","format":"standard","meta":{"footnotes":""},"categories":[1],"tags":[],"class_list":["post-7449","post","type-post","status-publish","format-standard","has-post-thumbnail","hentry","category-noticias"],"_links":{"self":[{"href":"https:\/\/mifavorita.com.pa\/2017\/wp-json\/wp\/v2\/posts\/7449","targetHints":{"allow":["GET"]}}],"collection":[{"href":"https:\/\/mifavorita.com.pa\/2017\/wp-json\/wp\/v2\/posts"}],"about":[{"href":"https:\/\/mifavorita.com.pa\/2017\/wp-json\/wp\/v2\/types\/post"}],"author":[{"embeddable":true,"href":"https:\/\/mifavorita.com.pa\/2017\/wp-json\/wp\/v2\/users\/2"}],"replies":[{"embeddable":true,"href":"https:\/\/mifavorita.com.pa\/2017\/wp-json\/wp\/v2\/comments?post=7449"}],"version-history":[{"count":1,"href":"https:\/\/mifavorita.com.pa\/2017\/wp-json\/wp\/v2\/posts\/7449\/revisions"}],"predecessor-version":[{"id":7450,"href":"https:\/\/mifavorita.com.pa\/2017\/wp-json\/wp\/v2\/posts\/7449\/revisions\/7450"}],"wp:featuredmedia":[{"embeddable":true,"href":"https:\/\/mifavorita.com.pa\/2017\/wp-json\/wp\/v2\/media\/7448"}],"wp:attachment":[{"href":"https:\/\/mifavorita.com.pa\/2017\/wp-json\/wp\/v2\/media?parent=7449"}],"wp:term":[{"taxonomy":"category","embeddable":true,"href":"https:\/\/mifavorita.com.pa\/2017\/wp-json\/wp\/v2\/categories?post=7449"},{"taxonomy":"post_tag","embeddable":true,"href":"https:\/\/mifavorita.com.pa\/2017\/wp-json\/wp\/v2\/tags?post=7449"}],"curies":[{"name":"wp","href":"https:\/\/api.w.org\/{rel}","templated":true}]}}