{"id":7452,"date":"2023-02-01T21:36:41","date_gmt":"2023-02-01T21:36:41","guid":{"rendered":"https:\/\/mifavorita.com.pa\/2017\/?p=7452"},"modified":"2023-02-01T21:36:43","modified_gmt":"2023-02-01T21:36:43","slug":"en-vallecito-y-quebrada-grande-esperan-accionar-del-plan-colmena","status":"publish","type":"post","link":"https:\/\/mifavorita.com.pa\/2017\/en-vallecito-y-quebrada-grande-esperan-accionar-del-plan-colmena\/","title":{"rendered":"EN VALLECITO Y QUEBRADA GRANDE ESPERAN ACCIONAR DEL PLAN COLMENA"},"content":{"rendered":"\n<p>DAR\u00cdO FERN\u00c1NDEZ ALZAMORA<\/p>\n\n\n\n<p>Apartados del resto de la provincia y olvidados por las autoridades gubernamentales, as\u00ed viven los residentes de las comunidades de Quebrada Grande y de Vallecito en el corregimiento de Candelario Ovalle, (antes pertenecientes a Chiguir\u00ed Arriba), en el norte del distrito de Penonom\u00e9, en una zona lim\u00edtrofe con el distrito de Capira en la provincia de Panam\u00e1 Oeste.<\/p>\n\n\n\n<p><br>Estas dos comunidades, consideradas de dif\u00edcil acceso, est\u00e1n ubicadas dentro del panorama del denominado Plan Colmena que lleva adelante el Gobierno Nacional, y que es la apuesta del presidente Laurentino Cortizo para atacar la pobreza multidimensional en todas sus formas, pero lamentablemente no ha podido impactar a las familias residentes en estos sectores, debido quiz\u00e1, a lo dificultoso que resulta el acceso a esos lugares.<\/p>\n\n\n\n<p><br>Mar\u00eda Chir\u00fa, residente de la comunidad de Quebrada Grande, indic\u00f3 que hasta el momento, no han recibido el apoyo del Plan Colmena en sus comunidades, y solo les entregaron unas mochilas con el nombre del proyecto hace dos a\u00f1os atr\u00e1s, insistiendo en que lo que ellos necesitan es apoyo real por parte de las instituciones involucradas en este plan, ya que hay quienes viven en extrema pobreza y hay mucha desnutrici\u00f3n en los ni\u00f1os del sector.<\/p>\n\n\n\n<p><br>Asegur\u00f3 que el apoyo para el alimento de las escuelas solo lleg\u00f3 una vez durante el a\u00f1o pasado, y si no es por los padres de familia quienes tuvieron que buscar para la alimentaci\u00f3n de los estudiantes, el comedor no tendr\u00eda que ofrecerles a los j\u00f3venes.<\/p>\n\n\n\n<p><br>En cuanto a viviendas, dijo que tampoco se recibe ayuda por parte del Gobierno, por lo que hay mucha necesidad de personas que viven en condiciones precarias a las que se les mete el agua a sus casas cada vez que llueve.<\/p>\n","protected":false},"excerpt":{"rendered":"<p>DAR\u00cdO FERN\u00c1NDEZ ALZAMORA Apartados del resto de la provincia y olvidados por las autoridades gubernamentales, as\u00ed viven los residentes de las comunidades de Quebrada Grande y de Vallecito en el corregimiento de Candelario Ovalle, (antes pertenecientes a Chiguir\u00ed Arriba), en el norte del distrito de Penonom\u00e9, en una zona lim\u00edtrofe con el distrito de Capira [&hellip;]<\/p>\n","protected":false},"author":2,"featured_media":7451,"comment_status":"closed","ping_status":"open","sticky":false,"template":"","format":"standard","meta":{"footnotes":""},"categories":[1],"tags":[],"class_list":["post-7452","post","type-post","status-publish","format-standard","has-post-thumbnail","hentry","category-noticias"],"_links":{"self":[{"href":"https:\/\/mifavorita.com.pa\/2017\/wp-json\/wp\/v2\/posts\/7452","targetHints":{"allow":["GET"]}}],"collection":[{"href":"https:\/\/mifavorita.com.pa\/2017\/wp-json\/wp\/v2\/posts"}],"about":[{"href":"https:\/\/mifavorita.com.pa\/2017\/wp-json\/wp\/v2\/types\/post"}],"author":[{"embeddable":true,"href":"https:\/\/mifavorita.com.pa\/2017\/wp-json\/wp\/v2\/users\/2"}],"replies":[{"embeddable":true,"href":"https:\/\/mifavorita.com.pa\/2017\/wp-json\/wp\/v2\/comments?post=7452"}],"version-history":[{"count":1,"href":"https:\/\/mifavorita.com.pa\/2017\/wp-json\/wp\/v2\/posts\/7452\/revisions"}],"predecessor-version":[{"id":7453,"href":"https:\/\/mifavorita.com.pa\/2017\/wp-json\/wp\/v2\/posts\/7452\/revisions\/7453"}],"wp:featuredmedia":[{"embeddable":true,"href":"https:\/\/mifavorita.com.pa\/2017\/wp-json\/wp\/v2\/media\/7451"}],"wp:attachment":[{"href":"https:\/\/mifavorita.com.pa\/2017\/wp-json\/wp\/v2\/media?parent=7452"}],"wp:term":[{"taxonomy":"category","embeddable":true,"href":"https:\/\/mifavorita.com.pa\/2017\/wp-json\/wp\/v2\/categories?post=7452"},{"taxonomy":"post_tag","embeddable":true,"href":"https:\/\/mifavorita.com.pa\/2017\/wp-json\/wp\/v2\/tags?post=7452"}],"curies":[{"name":"wp","href":"https:\/\/api.w.org\/{rel}","templated":true}]}}