{"id":7455,"date":"2023-02-02T01:00:47","date_gmt":"2023-02-02T01:00:47","guid":{"rendered":"https:\/\/mifavorita.com.pa\/2017\/?p=7455"},"modified":"2023-02-02T01:00:48","modified_gmt":"2023-02-02T01:00:48","slug":"presidente-realizara-gira-de-trabajo-comunitaria-en-cocle","status":"publish","type":"post","link":"https:\/\/mifavorita.com.pa\/2017\/presidente-realizara-gira-de-trabajo-comunitaria-en-cocle\/","title":{"rendered":"Presidente realizar\u00e1 gira de trabajo comunitaria en Cocl\u00e9"},"content":{"rendered":"\n<p>EDILSA GONZ\u00c1LEZ&nbsp;&nbsp;ROCA&nbsp;<\/p>\n\n\n\n<p>Obras terminadas por cerca de 6 millones de d\u00f3lares y \u00f3rdenes de proceder por unos 20 millones de d\u00f3lares entregar\u00e1 el presidente de la Rep\u00fablica Laurentino Cortizo en la Gira de Trabajo Comunitario que se realizar\u00e1 este viernes 3 de febrero en la provincia de Cocl\u00e9, en donde visitar\u00e1 varias comunidades.<\/p>\n\n\n\n<p>Seg\u00fan detall\u00f3 la directora regional del Ministerio de Trabajo y Desarrollo Laboral Eva Vergara, entre los proyectos terminados que se entregar\u00e1n de manera formal a la comunidad est\u00e1n las obras de ampliaci\u00f3n de la Escuela Jos\u00e9 Nadal Silva en La Pintada cuyo costo es de 3.8 millones de d\u00f3lares.<\/p>\n\n\n\n<p>Adem\u00e1s se entregar\u00e1n l\u00edneas de distribuci\u00f3n el\u00e9ctrica y luminarias en proyectos de electrificaci\u00f3n rural que comprenden los corregimientos de Piedras Gordas de La Pintada, El Ca\u00f1o y Toza en Nat\u00e1 y en Toabr\u00e9 de Penonom\u00e9 cuyo monto alcanzan los 3.1 millones de d\u00f3lares.<\/p>\n\n\n\n<p>La gira del presidente Cortizo tambi\u00e9n incluye una entrega de insumos y otras ayudas sociales a familias, productores y grupos organizados de la provincia que seg\u00fan la agenda dada a conocer cerrar\u00e1 en el Gimnasio del Colegio \u00c1ngel Mar\u00eda Herrera de Penonom\u00e9 en horas de la tarde.<\/p>\n","protected":false},"excerpt":{"rendered":"<p>EDILSA GONZ\u00c1LEZ&nbsp;&nbsp;ROCA&nbsp; Obras terminadas por cerca de 6 millones de d\u00f3lares y \u00f3rdenes de proceder por unos 20 millones de d\u00f3lares entregar\u00e1 el presidente de la Rep\u00fablica Laurentino Cortizo en la Gira de Trabajo Comunitario que se realizar\u00e1 este viernes 3 de febrero en la provincia de Cocl\u00e9, en donde visitar\u00e1 varias comunidades. Seg\u00fan detall\u00f3 [&hellip;]<\/p>\n","protected":false},"author":2,"featured_media":7454,"comment_status":"closed","ping_status":"open","sticky":false,"template":"","format":"standard","meta":{"footnotes":""},"categories":[1],"tags":[],"class_list":["post-7455","post","type-post","status-publish","format-standard","has-post-thumbnail","hentry","category-noticias"],"_links":{"self":[{"href":"https:\/\/mifavorita.com.pa\/2017\/wp-json\/wp\/v2\/posts\/7455","targetHints":{"allow":["GET"]}}],"collection":[{"href":"https:\/\/mifavorita.com.pa\/2017\/wp-json\/wp\/v2\/posts"}],"about":[{"href":"https:\/\/mifavorita.com.pa\/2017\/wp-json\/wp\/v2\/types\/post"}],"author":[{"embeddable":true,"href":"https:\/\/mifavorita.com.pa\/2017\/wp-json\/wp\/v2\/users\/2"}],"replies":[{"embeddable":true,"href":"https:\/\/mifavorita.com.pa\/2017\/wp-json\/wp\/v2\/comments?post=7455"}],"version-history":[{"count":1,"href":"https:\/\/mifavorita.com.pa\/2017\/wp-json\/wp\/v2\/posts\/7455\/revisions"}],"predecessor-version":[{"id":7456,"href":"https:\/\/mifavorita.com.pa\/2017\/wp-json\/wp\/v2\/posts\/7455\/revisions\/7456"}],"wp:featuredmedia":[{"embeddable":true,"href":"https:\/\/mifavorita.com.pa\/2017\/wp-json\/wp\/v2\/media\/7454"}],"wp:attachment":[{"href":"https:\/\/mifavorita.com.pa\/2017\/wp-json\/wp\/v2\/media?parent=7455"}],"wp:term":[{"taxonomy":"category","embeddable":true,"href":"https:\/\/mifavorita.com.pa\/2017\/wp-json\/wp\/v2\/categories?post=7455"},{"taxonomy":"post_tag","embeddable":true,"href":"https:\/\/mifavorita.com.pa\/2017\/wp-json\/wp\/v2\/tags?post=7455"}],"curies":[{"name":"wp","href":"https:\/\/api.w.org\/{rel}","templated":true}]}}