{"id":7458,"date":"2023-02-02T01:02:47","date_gmt":"2023-02-02T01:02:47","guid":{"rendered":"https:\/\/mifavorita.com.pa\/2017\/?p=7458"},"modified":"2023-02-02T01:02:48","modified_gmt":"2023-02-02T01:02:48","slug":"todo-listo-para-la-primera-feria-artesanal-de-las-minas-de-penonome","status":"publish","type":"post","link":"https:\/\/mifavorita.com.pa\/2017\/todo-listo-para-la-primera-feria-artesanal-de-las-minas-de-penonome\/","title":{"rendered":"TODO LISTO PARA LA PRIMERA FERIA ARTESANAL DE LAS MINAS DE PENONOM\u00c9"},"content":{"rendered":"\n<p>DAMGELA DE LE\u00d3N<\/p>\n\n\n\n<p>El s\u00e1bado 4 y domingo 5 de febrero, el nuevo corregimiento de Las Minas de Penonom\u00e9, se viste de fiesta, y es que realizar\u00e1n la Primera Feria Artesanal, en donde mostrar\u00e1n al resto de la provincia,&nbsp;la gran producci\u00f3n de sombreros, motetes, adornos, y dem\u00e1s art\u00edculos&nbsp;elaborados por manos artesanas de su regi\u00f3n.&nbsp;<\/p>\n\n\n\n<p>Para esta Feria han escogido a la se\u00f1orita Ana Gabriela Mendoza, como embajadora de esta primera edici\u00f3n.&nbsp;<\/p>\n\n\n\n<p>Durante el primer d\u00eda realizar\u00e1n presentaciones folcl\u00f3ricas, concursos juveniles y de adultos en el cocido y confecci\u00f3n de sombreros, juegos bufos, y mucha m\u00fasica t\u00edpica. La Cooperativa del Sombrero Pitao COASPIN R.L., es la organizadora de esta actividad, que tiene como fin promover las actividades artesanales y agr\u00edcolas de esta zona de Penonom\u00e9, que busca darse a conocer como pionera en la producci\u00f3n de sombreros pintados.&nbsp;<\/p>\n\n\n\n<p>Efra\u00edn Rodr\u00edguez, presidente de COASPIN, mencion\u00f3 que esperan el apoyo de todas las comunidades aleda\u00f1as, ya que con mucho esfuerzo han organizado la actividad, con apoyo del Instituto Paname\u00f1o Aut\u00f3nomo Cooperativo y del Ministerio de Cultura. Indic\u00f3 que los ranchos ya casi est\u00e1n listos, y que s\u00f3lo faltan detalles para darle la bienvenida a todos los visitantes.&nbsp;<\/p>\n\n\n\n<p>Ana Gabriela Mendoza, reina de la Feria, tambi\u00e9n dijo que espera que la actividad sea todo \u00e9xito y extiende una cordial invitaci\u00f3n a todos los coclesanos, ya que quiere demostrar que las presentes generaciones pueden resaltar sus tradiciones.<\/p>\n\n\n\n<p>La feria culminar\u00e1 el domingo 5 con una serie de presentaciones, sarao y discotecas t\u00edpicas, adem\u00e1s de ventasde comidas y bebidas, y, sobre todo, mucho folclor.<\/p>\n","protected":false},"excerpt":{"rendered":"<p>DAMGELA DE LE\u00d3N El s\u00e1bado 4 y domingo 5 de febrero, el nuevo corregimiento de Las Minas de Penonom\u00e9, se viste de fiesta, y es que realizar\u00e1n la Primera Feria Artesanal, en donde mostrar\u00e1n al resto de la provincia,&nbsp;la gran producci\u00f3n de sombreros, motetes, adornos, y dem\u00e1s art\u00edculos&nbsp;elaborados por manos artesanas de su regi\u00f3n.&nbsp; Para [&hellip;]<\/p>\n","protected":false},"author":2,"featured_media":7457,"comment_status":"closed","ping_status":"open","sticky":false,"template":"","format":"standard","meta":{"footnotes":""},"categories":[1],"tags":[],"class_list":["post-7458","post","type-post","status-publish","format-standard","has-post-thumbnail","hentry","category-noticias"],"_links":{"self":[{"href":"https:\/\/mifavorita.com.pa\/2017\/wp-json\/wp\/v2\/posts\/7458","targetHints":{"allow":["GET"]}}],"collection":[{"href":"https:\/\/mifavorita.com.pa\/2017\/wp-json\/wp\/v2\/posts"}],"about":[{"href":"https:\/\/mifavorita.com.pa\/2017\/wp-json\/wp\/v2\/types\/post"}],"author":[{"embeddable":true,"href":"https:\/\/mifavorita.com.pa\/2017\/wp-json\/wp\/v2\/users\/2"}],"replies":[{"embeddable":true,"href":"https:\/\/mifavorita.com.pa\/2017\/wp-json\/wp\/v2\/comments?post=7458"}],"version-history":[{"count":1,"href":"https:\/\/mifavorita.com.pa\/2017\/wp-json\/wp\/v2\/posts\/7458\/revisions"}],"predecessor-version":[{"id":7459,"href":"https:\/\/mifavorita.com.pa\/2017\/wp-json\/wp\/v2\/posts\/7458\/revisions\/7459"}],"wp:featuredmedia":[{"embeddable":true,"href":"https:\/\/mifavorita.com.pa\/2017\/wp-json\/wp\/v2\/media\/7457"}],"wp:attachment":[{"href":"https:\/\/mifavorita.com.pa\/2017\/wp-json\/wp\/v2\/media?parent=7458"}],"wp:term":[{"taxonomy":"category","embeddable":true,"href":"https:\/\/mifavorita.com.pa\/2017\/wp-json\/wp\/v2\/categories?post=7458"},{"taxonomy":"post_tag","embeddable":true,"href":"https:\/\/mifavorita.com.pa\/2017\/wp-json\/wp\/v2\/tags?post=7458"}],"curies":[{"name":"wp","href":"https:\/\/api.w.org\/{rel}","templated":true}]}}