{"id":7462,"date":"2023-02-02T22:10:26","date_gmt":"2023-02-02T22:10:26","guid":{"rendered":"https:\/\/mifavorita.com.pa\/2017\/?p=7462"},"modified":"2023-02-02T22:10:27","modified_gmt":"2023-02-02T22:10:27","slug":"por-la-temporada-de-zafra-mitradel-intensifica-inspecciones-en-cocle-contra-el-trabajo-infantil","status":"publish","type":"post","link":"https:\/\/mifavorita.com.pa\/2017\/por-la-temporada-de-zafra-mitradel-intensifica-inspecciones-en-cocle-contra-el-trabajo-infantil\/","title":{"rendered":"POR LA TEMPORADA DE ZAFRA, MITRADEL INTENSIFICA INSPECCIONES EN COCL\u00c9 CONTRA EL TRABAJO INFANTIL"},"content":{"rendered":"\n<p>DAMGELA DE LE\u00d3N<\/p>\n\n\n\n<p>A trav\u00e9s de giras de inspecci\u00f3n, el Ministerio de Trabajo y Desarrollo Laboral en la provincia de Cocl\u00e9, ha visitado ingenios azucareros, parcelas de siembras y ferias, en busca de ni\u00f1os o adolescentes realizando trabajos; afortunadamente, en lo que va del 2023, no se ha encontrado ninguno.&nbsp;<\/p>\n\n\n\n<p>Este tipo de trabajos agr\u00edcolas representa un peligro a la salud de los menores de edad, debido al constante uso de qu\u00edmicos, asunto&nbsp;que aumento durante los&nbsp;<a><\/a>meses de zafra.&nbsp;<\/p>\n\n\n\n<p>As\u00ed lo dio a conocer Eva Vergara, directora regional del MITRADEL, quien explic\u00f3 que, a trav\u00e9s de las inspecciones, no solo se busca encontrar a los menores, sino poder brindar atenci\u00f3n inmediata a ese ni\u00f1o o adolescente, y a su vez una soluci\u00f3n para la condici\u00f3n que lo obliga estar arriesgando su vida y futuro. <\/p>\n\n\n\n<figure class=\"wp-block-image size-large\"><img fetchpriority=\"high\" decoding=\"async\" width=\"1024\" height=\"768\" src=\"https:\/\/mifavorita.com.pa\/2017\/wp-content\/uploads\/2023\/02\/img_7195-1024x768.jpg\" class=\"wp-image-7461\" srcset=\"https:\/\/mifavorita.com.pa\/2017\/wp-content\/uploads\/2023\/02\/img_7195-1024x768.jpg 1024w, https:\/\/mifavorita.com.pa\/2017\/wp-content\/uploads\/2023\/02\/img_7195-300x225.jpg 300w, https:\/\/mifavorita.com.pa\/2017\/wp-content\/uploads\/2023\/02\/img_7195-768x576.jpg 768w, https:\/\/mifavorita.com.pa\/2017\/wp-content\/uploads\/2023\/02\/img_7195-1536x1152.jpg 1536w, https:\/\/mifavorita.com.pa\/2017\/wp-content\/uploads\/2023\/02\/img_7195-1200x900.jpg 1200w, https:\/\/mifavorita.com.pa\/2017\/wp-content\/uploads\/2023\/02\/img_7195.jpg 1600w\" sizes=\"(max-width: 1024px) 100vw, 1024px\" \/><\/figure>\n\n\n\n<p>Vergara tambi\u00e9n dijo que han encontrado en a\u00f1os anteriores, ni\u00f1os trabajando en condiciones de salud preocupantes, y que gracias a que las inspecciones se hacen en conjunto con otras instituciones, se les brinda los primeros auxilios y la reubicaci\u00f3n, de ser necesario.<\/p>\n\n\n\n<p>El MITRADEL, a trav\u00e9s del&nbsp;Direcci\u00f3n Contra el Trabajo Infantil y Protecci\u00f3n del Adolescente Trabajador, ofrece 75 becas en Cocl\u00e9 a ni\u00f1os o j\u00f3venes que necesiten apoyo econ\u00f3mico, de manera en que no tengan que trabajar y puedan seguir estudiando.&nbsp;<\/p>\n\n\n\n<p>En el 2022 fue inaugurado en Cocl\u00e9 el Comit\u00e9 de Erradicaci\u00f3n del Trabajo Infantil, integrado por sindicatos, instituciones y empresas. Los menores de edad, a partir de los 14 a\u00f1os, que deseen desempe\u00f1ar funciones que no representen un peligro para su vida y les permitan estudiar, pueden tramitar un permiso en el MITRADEL con autorizaci\u00f3n de sus padres o tutores.<\/p>\n","protected":false},"excerpt":{"rendered":"<p>DAMGELA DE LE\u00d3N A trav\u00e9s de giras de inspecci\u00f3n, el Ministerio de Trabajo y Desarrollo Laboral en la provincia de Cocl\u00e9, ha visitado ingenios azucareros, parcelas de siembras y ferias, en busca de ni\u00f1os o adolescentes realizando trabajos; afortunadamente, en lo que va del 2023, no se ha encontrado ninguno.&nbsp; Este tipo de trabajos agr\u00edcolas [&hellip;]<\/p>\n","protected":false},"author":2,"featured_media":7460,"comment_status":"closed","ping_status":"open","sticky":false,"template":"","format":"standard","meta":{"footnotes":""},"categories":[1],"tags":[],"class_list":["post-7462","post","type-post","status-publish","format-standard","has-post-thumbnail","hentry","category-noticias"],"_links":{"self":[{"href":"https:\/\/mifavorita.com.pa\/2017\/wp-json\/wp\/v2\/posts\/7462","targetHints":{"allow":["GET"]}}],"collection":[{"href":"https:\/\/mifavorita.com.pa\/2017\/wp-json\/wp\/v2\/posts"}],"about":[{"href":"https:\/\/mifavorita.com.pa\/2017\/wp-json\/wp\/v2\/types\/post"}],"author":[{"embeddable":true,"href":"https:\/\/mifavorita.com.pa\/2017\/wp-json\/wp\/v2\/users\/2"}],"replies":[{"embeddable":true,"href":"https:\/\/mifavorita.com.pa\/2017\/wp-json\/wp\/v2\/comments?post=7462"}],"version-history":[{"count":1,"href":"https:\/\/mifavorita.com.pa\/2017\/wp-json\/wp\/v2\/posts\/7462\/revisions"}],"predecessor-version":[{"id":7463,"href":"https:\/\/mifavorita.com.pa\/2017\/wp-json\/wp\/v2\/posts\/7462\/revisions\/7463"}],"wp:featuredmedia":[{"embeddable":true,"href":"https:\/\/mifavorita.com.pa\/2017\/wp-json\/wp\/v2\/media\/7460"}],"wp:attachment":[{"href":"https:\/\/mifavorita.com.pa\/2017\/wp-json\/wp\/v2\/media?parent=7462"}],"wp:term":[{"taxonomy":"category","embeddable":true,"href":"https:\/\/mifavorita.com.pa\/2017\/wp-json\/wp\/v2\/categories?post=7462"},{"taxonomy":"post_tag","embeddable":true,"href":"https:\/\/mifavorita.com.pa\/2017\/wp-json\/wp\/v2\/tags?post=7462"}],"curies":[{"name":"wp","href":"https:\/\/api.w.org\/{rel}","templated":true}]}}