{"id":7466,"date":"2023-02-04T00:30:52","date_gmt":"2023-02-04T00:30:52","guid":{"rendered":"https:\/\/mifavorita.com.pa\/2017\/?p=7466"},"modified":"2023-02-04T00:30:53","modified_gmt":"2023-02-04T00:30:53","slug":"centro-de-operaciones-de-emergencia-coordinara-incidencias-nacionales-desde-cocle-durante-los-carnavales","status":"publish","type":"post","link":"https:\/\/mifavorita.com.pa\/2017\/centro-de-operaciones-de-emergencia-coordinara-incidencias-nacionales-desde-cocle-durante-los-carnavales\/","title":{"rendered":"CENTRO DE OPERACIONES DE EMERGENCIA COORDINAR\u00c1 INCIDENCIAS NACIONALES DESDE COCL\u00c9 DURANTE LOS CARNAVALES"},"content":{"rendered":"\n<p>DAMGELA DE LE\u00d3N<\/p>\n\n\n\n<p>Unas 100 unidades del Sistema Nacional de Protecci\u00f3n Civil ser\u00e1n distribuidas en las diferentes actividades del carnaval en la provincia de Cocl\u00e9, entre ellos, voluntarios, rescatistas, especialistas en primeros auxilios, salvavidas y todas las especialidades, con la finalidad de salvaguardar la seguridad de propios y visitantes que se dirijan a los distintos puntos de culecos, balnearios y playas.&nbsp;<\/p>\n\n\n\n<p>Aproximadamente 45 salvavidas y voluntarios ser\u00e1n enviados a cubrir el Balneario Las Mendozas desde el viernes 17 hasta el mi\u00e9rcoles 22, ya que se espera una gran afluencia de ba\u00f1istas en este punto. A parte de los r\u00edos, se mantendr\u00e1n en la Playa Santa Clara y Playa Farall\u00f3n. <\/p>\n\n\n\n<figure class=\"wp-block-image size-large\"><img fetchpriority=\"high\" decoding=\"async\" width=\"1024\" height=\"682\" src=\"https:\/\/mifavorita.com.pa\/2017\/wp-content\/uploads\/2023\/02\/img_7282-1024x682.jpg\" class=\"wp-image-7465\" srcset=\"https:\/\/mifavorita.com.pa\/2017\/wp-content\/uploads\/2023\/02\/img_7282-1024x682.jpg 1024w, https:\/\/mifavorita.com.pa\/2017\/wp-content\/uploads\/2023\/02\/img_7282-300x200.jpg 300w, https:\/\/mifavorita.com.pa\/2017\/wp-content\/uploads\/2023\/02\/img_7282-768x512.jpg 768w, https:\/\/mifavorita.com.pa\/2017\/wp-content\/uploads\/2023\/02\/img_7282-1200x800.jpg 1200w, https:\/\/mifavorita.com.pa\/2017\/wp-content\/uploads\/2023\/02\/img_7282.jpg 1280w\" sizes=\"(max-width: 1024px) 100vw, 1024px\" \/><\/figure>\n\n\n\n<p>As\u00ed lo dio a conocer Manuel G\u00f3mez, director del SINAPROC en Cocl\u00e9, quien explica que espera que tambi\u00e9n las personas sean conscientes de su papel en la seguridad de su vida y la de su familia, ya que s\u00f3lo el a\u00f1o&nbsp;2021&nbsp;pasado se registraron durante la \u00e9poca del verano en la provincia,&nbsp;unas 16 v\u00edctimas por inmersi\u00f3n, y en el 2022, 8 muertes.&nbsp;<\/p>\n\n\n\n<p>El Centro de Operaciones de Emergencia Nacional, trasladar\u00e1 su personal y equipos hacia las instalaciones de Aguadulce, en donde monitorearan y coordinaran las diferentes emergencias que se registren en todo el pa\u00eds.&nbsp;<\/p>\n\n\n\n<p>Tambi\u00e9n se realizar\u00e1 una log\u00edstica con las instalaciones de salud para la recepci\u00f3n de pacientes, adem\u00e1s de que se coordinar\u00e1 una ambulancia desde el Hospital Aquilino Tejeira, que estar\u00e1 en un punto de control en las afueras de R\u00edo Hato, para ofrecer una respuesta r\u00e1pida. Este punto de control prontamente ser\u00e1 inaugurado.<\/p>\n","protected":false},"excerpt":{"rendered":"<p>DAMGELA DE LE\u00d3N Unas 100 unidades del Sistema Nacional de Protecci\u00f3n Civil ser\u00e1n distribuidas en las diferentes actividades del carnaval en la provincia de Cocl\u00e9, entre ellos, voluntarios, rescatistas, especialistas en primeros auxilios, salvavidas y todas las especialidades, con la finalidad de salvaguardar la seguridad de propios y visitantes que se dirijan a los distintos [&hellip;]<\/p>\n","protected":false},"author":2,"featured_media":7464,"comment_status":"closed","ping_status":"open","sticky":false,"template":"","format":"standard","meta":{"footnotes":""},"categories":[1],"tags":[],"class_list":["post-7466","post","type-post","status-publish","format-standard","has-post-thumbnail","hentry","category-noticias"],"_links":{"self":[{"href":"https:\/\/mifavorita.com.pa\/2017\/wp-json\/wp\/v2\/posts\/7466","targetHints":{"allow":["GET"]}}],"collection":[{"href":"https:\/\/mifavorita.com.pa\/2017\/wp-json\/wp\/v2\/posts"}],"about":[{"href":"https:\/\/mifavorita.com.pa\/2017\/wp-json\/wp\/v2\/types\/post"}],"author":[{"embeddable":true,"href":"https:\/\/mifavorita.com.pa\/2017\/wp-json\/wp\/v2\/users\/2"}],"replies":[{"embeddable":true,"href":"https:\/\/mifavorita.com.pa\/2017\/wp-json\/wp\/v2\/comments?post=7466"}],"version-history":[{"count":1,"href":"https:\/\/mifavorita.com.pa\/2017\/wp-json\/wp\/v2\/posts\/7466\/revisions"}],"predecessor-version":[{"id":7467,"href":"https:\/\/mifavorita.com.pa\/2017\/wp-json\/wp\/v2\/posts\/7466\/revisions\/7467"}],"wp:featuredmedia":[{"embeddable":true,"href":"https:\/\/mifavorita.com.pa\/2017\/wp-json\/wp\/v2\/media\/7464"}],"wp:attachment":[{"href":"https:\/\/mifavorita.com.pa\/2017\/wp-json\/wp\/v2\/media?parent=7466"}],"wp:term":[{"taxonomy":"category","embeddable":true,"href":"https:\/\/mifavorita.com.pa\/2017\/wp-json\/wp\/v2\/categories?post=7466"},{"taxonomy":"post_tag","embeddable":true,"href":"https:\/\/mifavorita.com.pa\/2017\/wp-json\/wp\/v2\/tags?post=7466"}],"curies":[{"name":"wp","href":"https:\/\/api.w.org\/{rel}","templated":true}]}}