{"id":7740,"date":"2023-03-09T23:03:14","date_gmt":"2023-03-09T23:03:14","guid":{"rendered":"https:\/\/mifavorita.com.pa\/2017\/?p=7740"},"modified":"2023-03-09T23:03:15","modified_gmt":"2023-03-09T23:03:15","slug":"adulto-mayor-murio-por-el-ataque-de-abejas-africanizadas-en-la-martillada-de-toabre","status":"publish","type":"post","link":"https:\/\/mifavorita.com.pa\/2017\/adulto-mayor-murio-por-el-ataque-de-abejas-africanizadas-en-la-martillada-de-toabre\/","title":{"rendered":"ADULTO MAYOR MURI\u00d3 POR EL ATAQUE DE ABEJAS AFRICANIZADAS EN LA MARTILLADA DE TOABR\u00c9"},"content":{"rendered":"\n<p>DAMGELA DE LE\u00d3N <\/p>\n\n\n\n<p>Un se\u00f1or de aproximadamente 80 a\u00f1os, residente en La Martillada del corregimiento de Toabr\u00e9 en Penonom\u00e9, se convirti\u00f3&nbsp;en la primera v\u00edctima fatal por ataque&nbsp;de abejas africanizadas en la provincia de Cocl\u00e9.&nbsp;El Benem\u00e9rito Cuerpo de Bomberos&nbsp;recibi\u00f3&nbsp;el reporte&nbsp;en horas del mediod\u00eda del mi\u00e9rcoles 8 de marzo, traslad\u00e1ndose al lugar y encontrando&nbsp;a 5&nbsp;personas afectadas por picaduras, y a 1 un adulto mayor gravemente afectado,&nbsp;brind\u00e1ndoles los primeros auxilios, y trasladando al adulto al hospital Aquilino Tejeira.<\/p>\n\n\n\n<p>Durante horas de la ma\u00f1ana de hoy jueves 9,&nbsp;se confirm\u00f3 la muerte del adulto mayor, quien pudo haber sido picado en m\u00e1s de 100 ocasiones. S\u00f3lo una picadura de estos insectos puede ser mortal, en el&nbsp;caso de una persona al\u00e9rgica.&nbsp;<\/p>\n\n\n\n<p>El mayor Ismael Castillo, tercer comandante de los bomberos en Cocl\u00e9, indic\u00f3 que una vez recibieron la llamada de alerta, inmediatamente acudieron al lugar, sin embargo, se les indic\u00f3 que los afectados se encontraban en una zona de potreros, algo distante de donde pod\u00edan acceder los veh\u00edculos.&nbsp;<\/p>\n\n\n\n<p>El mayor explic\u00f3 que el se\u00f1or se encontraba realizando trabajos de limpieza en el terreno, y, presumen, fue atacado por un enjambre transitorio de abejas, ya que al momento en el que el equipo de b\u00fasqueda y extinci\u00f3n revis\u00f3 el \u00e1rea, no encontraron ning\u00fan panal.&nbsp;<\/p>\n\n\n\n<p>En lo que va del a\u00f1o 2023, han sido m\u00faltiples los reportes de picaduras de abejas africanizadas y de presencia&nbsp;de panales en espacios&nbsp;urbanos, sin embargo, los bomberos indican que&nbsp;se debe&nbsp;recordar que producto de las quemas&nbsp;de herbazales, estos animales ven la&nbsp;necesidad de busca un nuevo espacio donde vivir;&nbsp;a su vez, el mayor brind\u00f3 recomendaciones acerca de qu\u00e9 hacer en estos casos, como mantenerse alejados de los panales, dar aviso a las autoridades, quienes acudir\u00e1n en un horario propicio para su exterminio, siempre y cuando no exista un peligro inmediato, tambi\u00e9n cerrar puertas y ventanas de las casas para resguardarse junto a sus mascotas, ya que cualquier ruido puede alterarlas.&nbsp;<\/p>\n\n\n\n<p>Es importante que apenas sucedan los ataques, las personas cercanas al hecho puedan dar informe a los bomberos o sistemas de emergencias para poder brindar atenci\u00f3n inmediata a los afectados.<\/p>\n","protected":false},"excerpt":{"rendered":"<p>DAMGELA DE LE\u00d3N Un se\u00f1or de aproximadamente 80 a\u00f1os, residente en La Martillada del corregimiento de Toabr\u00e9 en Penonom\u00e9, se convirti\u00f3&nbsp;en la primera v\u00edctima fatal por ataque&nbsp;de abejas africanizadas en la provincia de Cocl\u00e9.&nbsp;El Benem\u00e9rito Cuerpo de Bomberos&nbsp;recibi\u00f3&nbsp;el reporte&nbsp;en horas del mediod\u00eda del mi\u00e9rcoles 8 de marzo, traslad\u00e1ndose al lugar y encontrando&nbsp;a 5&nbsp;personas afectadas por [&hellip;]<\/p>\n","protected":false},"author":2,"featured_media":7739,"comment_status":"closed","ping_status":"open","sticky":false,"template":"","format":"standard","meta":{"footnotes":""},"categories":[1],"tags":[],"class_list":["post-7740","post","type-post","status-publish","format-standard","has-post-thumbnail","hentry","category-noticias"],"_links":{"self":[{"href":"https:\/\/mifavorita.com.pa\/2017\/wp-json\/wp\/v2\/posts\/7740","targetHints":{"allow":["GET"]}}],"collection":[{"href":"https:\/\/mifavorita.com.pa\/2017\/wp-json\/wp\/v2\/posts"}],"about":[{"href":"https:\/\/mifavorita.com.pa\/2017\/wp-json\/wp\/v2\/types\/post"}],"author":[{"embeddable":true,"href":"https:\/\/mifavorita.com.pa\/2017\/wp-json\/wp\/v2\/users\/2"}],"replies":[{"embeddable":true,"href":"https:\/\/mifavorita.com.pa\/2017\/wp-json\/wp\/v2\/comments?post=7740"}],"version-history":[{"count":1,"href":"https:\/\/mifavorita.com.pa\/2017\/wp-json\/wp\/v2\/posts\/7740\/revisions"}],"predecessor-version":[{"id":7741,"href":"https:\/\/mifavorita.com.pa\/2017\/wp-json\/wp\/v2\/posts\/7740\/revisions\/7741"}],"wp:featuredmedia":[{"embeddable":true,"href":"https:\/\/mifavorita.com.pa\/2017\/wp-json\/wp\/v2\/media\/7739"}],"wp:attachment":[{"href":"https:\/\/mifavorita.com.pa\/2017\/wp-json\/wp\/v2\/media?parent=7740"}],"wp:term":[{"taxonomy":"category","embeddable":true,"href":"https:\/\/mifavorita.com.pa\/2017\/wp-json\/wp\/v2\/categories?post=7740"},{"taxonomy":"post_tag","embeddable":true,"href":"https:\/\/mifavorita.com.pa\/2017\/wp-json\/wp\/v2\/tags?post=7740"}],"curies":[{"name":"wp","href":"https:\/\/api.w.org\/{rel}","templated":true}]}}