{"id":782,"date":"2017-10-06T03:28:00","date_gmt":"2017-10-06T03:28:00","guid":{"rendered":"http:\/\/mifavorita.com.pa\/2017\/?p=782"},"modified":"2017-10-06T03:28:00","modified_gmt":"2017-10-06T03:28:00","slug":"el-25-de-octubre-transportistas-iran-a-la-calle","status":"publish","type":"post","link":"https:\/\/mifavorita.com.pa\/2017\/el-25-de-octubre-transportistas-iran-a-la-calle\/","title":{"rendered":"El 25 de octubre transportistas ir\u00e1n a la calle  \u00a0"},"content":{"rendered":"<div id=\"m4006\" class=\"mail-message expanded\">\n<div class=\"mail-message-content collapsible zoom-normal mail-show-images\">\n<div dir=\"ltr\">\n<p><span style=\"color: #000000; font-family: Calibri; font-size: medium;\">EDILSA GONZALEZ ROCA<\/span><\/p>\n<p><span style=\"color: #000000; font-family: Calibri; font-size: medium;\">COCL\u00c9.<\/span><\/p>\n<p><span style=\"color: #000000; font-family: Calibri; font-size: medium;\">Para el pr\u00f3ximo 25 de octubre los transportistas agremiados a la C\u00e1mara Nacional del Transporte, incluyendo agrupaciones de transporte de carga y turismo se avocar\u00e1n a un paro nacional de transporte por 24 horas, acompa\u00f1ado de cierres en distintos puntos del pa\u00eds.<\/span><\/p>\n<p><span style=\"color: #000000; font-family: Calibri; font-size: medium;\">As\u00ed qued\u00f3 establecido en una asamblea nacional extraordinaria celebrada este jueves en la ciudad de Penonom\u00e9, en donde la mayor\u00eda acord\u00f3 ejercer medidas de presi\u00f3n en rechazo de la decisi\u00f3n del gobierno de apoyar la entrada de plataformas tecnol\u00f3gicas tanto en el transporte p\u00fablico de pasajeros como en los de log\u00edstica.<\/span><\/p>\n<p><img fetchpriority=\"high\" decoding=\"async\" class=\"alignnone size-medium wp-image-783\" src=\"http:\/\/mifavorita.com.pa\/2017\/wp-content\/uploads\/2017\/10\/IMG-20171005-WA0045-300x225.jpg\" alt=\"\" width=\"300\" height=\"225\" srcset=\"https:\/\/mifavorita.com.pa\/2017\/wp-content\/uploads\/2017\/10\/IMG-20171005-WA0045-300x225.jpg 300w, https:\/\/mifavorita.com.pa\/2017\/wp-content\/uploads\/2017\/10\/IMG-20171005-WA0045-768x576.jpg 768w, https:\/\/mifavorita.com.pa\/2017\/wp-content\/uploads\/2017\/10\/IMG-20171005-WA0045-1024x768.jpg 1024w, https:\/\/mifavorita.com.pa\/2017\/wp-content\/uploads\/2017\/10\/IMG-20171005-WA0045-678x509.jpg 678w, https:\/\/mifavorita.com.pa\/2017\/wp-content\/uploads\/2017\/10\/IMG-20171005-WA0045-326x245.jpg 326w, https:\/\/mifavorita.com.pa\/2017\/wp-content\/uploads\/2017\/10\/IMG-20171005-WA0045-80x60.jpg 80w, https:\/\/mifavorita.com.pa\/2017\/wp-content\/uploads\/2017\/10\/IMG-20171005-WA0045.jpg 1032w\" sizes=\"(max-width: 300px) 100vw, 300px\" \/><\/p>\n<p><span style=\"color: #000000; font-family: Calibri; font-size: medium;\">En primera instancia los transportistas hab\u00edan planteado la posibilidad de decretar un paro nacional este lunes 9 de octubre, sin embrago tras considerar el poco tiempo de preparaci\u00f3n y la comunicaci\u00f3n efectiva del apoyo de las bases acordaron aplazar la medida, crear una comisi\u00f3n que recorra el pa\u00eds para confirmar el apoyo de las bases.<\/span><\/p>\n<p><span style=\"color: #000000; font-family: Calibri; font-size: medium;\">Entre las solicitudes que pretenden presentar los transportistas al gobierno nacional, est\u00e1 reunirse exclusivamente con el presidente de la rep\u00fablica Juan Carlos Varela, pues consideran que el director de la ATTT no tiene respuestas para ellos, rechazar la legalizaci\u00f3n de las plataformas para el transporte p\u00fablico, de turismo y cargas en el pa\u00eds y rechazar la entrega de contratos de concesi\u00f3n.<\/span><\/p>\n<\/div>\n<\/div>\n<div class=\"mail-message-footer spacer collapsible\"><\/div>\n<\/div>\n","protected":false},"excerpt":{"rendered":"<p>EDILSA GONZALEZ ROCA COCL\u00c9. Para el pr\u00f3ximo 25 de octubre los transportistas agremiados a la C\u00e1mara Nacional del Transporte, incluyendo agrupaciones de transporte de carga y turismo se avocar\u00e1n a un paro nacional de transporte por 24 horas, acompa\u00f1ado de cierres en distintos puntos del pa\u00eds. As\u00ed qued\u00f3 establecido en una asamblea nacional extraordinaria celebrada [&hellip;]<\/p>\n","protected":false},"author":3,"featured_media":781,"comment_status":"closed","ping_status":"open","sticky":false,"template":"","format":"standard","meta":{"footnotes":""},"categories":[1],"tags":[],"class_list":["post-782","post","type-post","status-publish","format-standard","has-post-thumbnail","hentry","category-noticias"],"_links":{"self":[{"href":"https:\/\/mifavorita.com.pa\/2017\/wp-json\/wp\/v2\/posts\/782","targetHints":{"allow":["GET"]}}],"collection":[{"href":"https:\/\/mifavorita.com.pa\/2017\/wp-json\/wp\/v2\/posts"}],"about":[{"href":"https:\/\/mifavorita.com.pa\/2017\/wp-json\/wp\/v2\/types\/post"}],"author":[{"embeddable":true,"href":"https:\/\/mifavorita.com.pa\/2017\/wp-json\/wp\/v2\/users\/3"}],"replies":[{"embeddable":true,"href":"https:\/\/mifavorita.com.pa\/2017\/wp-json\/wp\/v2\/comments?post=782"}],"version-history":[{"count":1,"href":"https:\/\/mifavorita.com.pa\/2017\/wp-json\/wp\/v2\/posts\/782\/revisions"}],"predecessor-version":[{"id":784,"href":"https:\/\/mifavorita.com.pa\/2017\/wp-json\/wp\/v2\/posts\/782\/revisions\/784"}],"wp:featuredmedia":[{"embeddable":true,"href":"https:\/\/mifavorita.com.pa\/2017\/wp-json\/wp\/v2\/media\/781"}],"wp:attachment":[{"href":"https:\/\/mifavorita.com.pa\/2017\/wp-json\/wp\/v2\/media?parent=782"}],"wp:term":[{"taxonomy":"category","embeddable":true,"href":"https:\/\/mifavorita.com.pa\/2017\/wp-json\/wp\/v2\/categories?post=782"},{"taxonomy":"post_tag","embeddable":true,"href":"https:\/\/mifavorita.com.pa\/2017\/wp-json\/wp\/v2\/tags?post=782"}],"curies":[{"name":"wp","href":"https:\/\/api.w.org\/{rel}","templated":true}]}}