{"id":785,"date":"2017-10-07T14:34:16","date_gmt":"2017-10-07T14:34:16","guid":{"rendered":"http:\/\/mifavorita.com.pa\/2017\/?p=785"},"modified":"2017-10-07T14:34:16","modified_gmt":"2017-10-07T14:34:16","slug":"falla-en-toma-de-agua-afecta-suministro-en-penonome","status":"publish","type":"post","link":"https:\/\/mifavorita.com.pa\/2017\/falla-en-toma-de-agua-afecta-suministro-en-penonome\/","title":{"rendered":"Falla en toma de agua afecta suministro en Penonom\u00e9"},"content":{"rendered":"<p>&nbsp;<\/p>\n<p>EDILSA GONZALEZ ROCA<\/p>\n<p>COCL\u00c9.<\/p>\n<p>Una nueva falla en las bombas de la toma de agua de la planta potabilizadora de Penonom\u00e9 mantiene a la ciudad de Penonom\u00e9 sin el vital suministro la ma\u00f1ana de este s\u00e1bado, la situaci\u00f3n afecta a m\u00e1s de la mitad de la poblaci\u00f3n.<\/p>\n<p>Bol\u00edvar Castillo director regional del Idaan, inform\u00f3 que hay problemas en dos bombas de la toma de agua, una present\u00f3 una falla por electricidad que pronto ser\u00eda solucionado y la otra si tiene un problema electromec\u00e1nico que les puede tomar todo un d\u00eda reparar.<\/p>\n<p>Nos coment\u00f3 que el personal de la entidad se encuentra desde tempranas horas en la toma de agua ubicada a orillas del R\u00edo Zarat\u00ed verificando el problema y trabajando para solucionarlo lo m\u00e1s pronto posible.<\/p>\n<p>Indic\u00f3 que una vez solucionado el problema el\u00e9ctrico en una de las bombas se pondr\u00eda a funcionar de forma de poder enviar agua a la planta potabilizadora y a sus vez a la ciudad sin embrago la presi\u00f3n del suministro se mantendr\u00e1 baja durante el tiempo que les tome arreglar la otra bomba.<\/p>\n","protected":false},"excerpt":{"rendered":"<p>&nbsp; EDILSA GONZALEZ ROCA COCL\u00c9. Una nueva falla en las bombas de la toma de agua de la planta potabilizadora de Penonom\u00e9 mantiene a la ciudad de Penonom\u00e9 sin el vital suministro la ma\u00f1ana de este s\u00e1bado, la situaci\u00f3n afecta a m\u00e1s de la mitad de la poblaci\u00f3n. Bol\u00edvar Castillo director regional del Idaan, inform\u00f3 [&hellip;]<\/p>\n","protected":false},"author":3,"featured_media":183,"comment_status":"closed","ping_status":"open","sticky":false,"template":"","format":"standard","meta":{"footnotes":""},"categories":[1],"tags":[],"class_list":["post-785","post","type-post","status-publish","format-standard","has-post-thumbnail","hentry","category-noticias"],"_links":{"self":[{"href":"https:\/\/mifavorita.com.pa\/2017\/wp-json\/wp\/v2\/posts\/785","targetHints":{"allow":["GET"]}}],"collection":[{"href":"https:\/\/mifavorita.com.pa\/2017\/wp-json\/wp\/v2\/posts"}],"about":[{"href":"https:\/\/mifavorita.com.pa\/2017\/wp-json\/wp\/v2\/types\/post"}],"author":[{"embeddable":true,"href":"https:\/\/mifavorita.com.pa\/2017\/wp-json\/wp\/v2\/users\/3"}],"replies":[{"embeddable":true,"href":"https:\/\/mifavorita.com.pa\/2017\/wp-json\/wp\/v2\/comments?post=785"}],"version-history":[{"count":2,"href":"https:\/\/mifavorita.com.pa\/2017\/wp-json\/wp\/v2\/posts\/785\/revisions"}],"predecessor-version":[{"id":788,"href":"https:\/\/mifavorita.com.pa\/2017\/wp-json\/wp\/v2\/posts\/785\/revisions\/788"}],"wp:featuredmedia":[{"embeddable":true,"href":"https:\/\/mifavorita.com.pa\/2017\/wp-json\/wp\/v2\/media\/183"}],"wp:attachment":[{"href":"https:\/\/mifavorita.com.pa\/2017\/wp-json\/wp\/v2\/media?parent=785"}],"wp:term":[{"taxonomy":"category","embeddable":true,"href":"https:\/\/mifavorita.com.pa\/2017\/wp-json\/wp\/v2\/categories?post=785"},{"taxonomy":"post_tag","embeddable":true,"href":"https:\/\/mifavorita.com.pa\/2017\/wp-json\/wp\/v2\/tags?post=785"}],"curies":[{"name":"wp","href":"https:\/\/api.w.org\/{rel}","templated":true}]}}