{"id":7855,"date":"2023-03-20T22:47:47","date_gmt":"2023-03-20T22:47:47","guid":{"rendered":"https:\/\/mifavorita.com.pa\/2017\/?p=7855"},"modified":"2023-03-20T22:47:51","modified_gmt":"2023-03-20T22:47:51","slug":"cocle-inicia-la-semana-con-varios-cierres-de-via-y-protestas","status":"publish","type":"post","link":"https:\/\/mifavorita.com.pa\/2017\/cocle-inicia-la-semana-con-varios-cierres-de-via-y-protestas\/","title":{"rendered":"COCL\u00c9 INICIA LA SEMANA CON VARIOS CIERRES DE V\u00cdA Y PROTESTAS"},"content":{"rendered":"\n<p>EDILSA GONZ\u00c1LEZ ROCA.<\/p>\n\n\n\n<p>Un lunes de protesta se vivi\u00f3 este 30 de marzo en la provincia de Cocl\u00e9, padres de familias de al menos tres escuelas y residentes de una comunidad cerraron v\u00eda e hicieron protestas, exigiendo de las autoridades la soluci\u00f3n a la larga lista de problemas que enfrentan.<\/p>\n\n\n\n<p>La primera de las protestas se dio en la v\u00eda panamericana en la entrada de R\u00edo Grande all\u00ed, padres de familias y estudiantes del centro de Educaci\u00f3n B\u00e1sica General de Machuca, de Piedras Gordas de La Pintada cerraron los cuatro carriles de la v\u00eda panamericana, en demanda de que se termine el proyecto de ampliaci\u00f3n y mejoras de dicho plantel.<\/p>\n\n\n\n<figure class=\"wp-block-image size-large\"><img fetchpriority=\"high\" decoding=\"async\" width=\"1024\" height=\"768\" src=\"https:\/\/mifavorita.com.pa\/2017\/wp-content\/uploads\/2023\/03\/a1edd26f-a991-4489-b6dd-38efa0ab81b9-1024x768.jpg\" class=\"wp-image-7853\" srcset=\"https:\/\/mifavorita.com.pa\/2017\/wp-content\/uploads\/2023\/03\/a1edd26f-a991-4489-b6dd-38efa0ab81b9-1024x768.jpg 1024w, https:\/\/mifavorita.com.pa\/2017\/wp-content\/uploads\/2023\/03\/a1edd26f-a991-4489-b6dd-38efa0ab81b9-300x225.jpg 300w, https:\/\/mifavorita.com.pa\/2017\/wp-content\/uploads\/2023\/03\/a1edd26f-a991-4489-b6dd-38efa0ab81b9-768x576.jpg 768w, https:\/\/mifavorita.com.pa\/2017\/wp-content\/uploads\/2023\/03\/a1edd26f-a991-4489-b6dd-38efa0ab81b9-1536x1152.jpg 1536w, https:\/\/mifavorita.com.pa\/2017\/wp-content\/uploads\/2023\/03\/a1edd26f-a991-4489-b6dd-38efa0ab81b9-1200x900.jpg 1200w, https:\/\/mifavorita.com.pa\/2017\/wp-content\/uploads\/2023\/03\/a1edd26f-a991-4489-b6dd-38efa0ab81b9.jpg 1600w\" sizes=\"(max-width: 1024px) 100vw, 1024px\" \/><\/figure>\n\n\n\n<p>Griselda Herrera, presidente de la Asociaci\u00f3n de Padres de Familia de la escuela, se\u00f1al\u00f3 que estaban cansados de las mentiras del Ministerio de Educaci\u00f3n y la empresa que desde junio del a\u00f1o pasado se comprometieron a terminar los trabajos de construcci\u00f3n de aulas, cocina comedor, sal\u00f3n de apoyo y una bater\u00eda sanitaria y hasta la fecha no han terminado.<\/p>\n\n\n\n<p>Al sitio de la protesta se present\u00f3 la directora regional del Meduca, Marianela G\u00f3mez, quien indic\u00f3 que este martes 21 de marzo se reunir\u00e1n en la escuela con los padres de familia, maestros, personal t\u00e9cnico del Meduca y representantes de la empresa para hacer un recorrido determinar lo que hace falta y buscar las soluciones para entregar la obra.<\/p>\n\n\n\n<figure class=\"wp-block-image size-large\"><img decoding=\"async\" width=\"1024\" height=\"523\" src=\"https:\/\/mifavorita.com.pa\/2017\/wp-content\/uploads\/2023\/03\/img_0459-1024x523.jpg\" class=\"wp-image-7852\" srcset=\"https:\/\/mifavorita.com.pa\/2017\/wp-content\/uploads\/2023\/03\/img_0459-1024x523.jpg 1024w, https:\/\/mifavorita.com.pa\/2017\/wp-content\/uploads\/2023\/03\/img_0459-300x153.jpg 300w, https:\/\/mifavorita.com.pa\/2017\/wp-content\/uploads\/2023\/03\/img_0459-768x393.jpg 768w, https:\/\/mifavorita.com.pa\/2017\/wp-content\/uploads\/2023\/03\/img_0459.jpg 1170w\" sizes=\"(max-width: 1024px) 100vw, 1024px\" \/><\/figure>\n\n\n\n<p>Terminada esta protesta inici\u00f3 otra en El Roble de Aguadulce, donde los residentes cerraron la v\u00eda panamericana frente a la cantera del MOP,&nbsp;&nbsp;&nbsp;para exigir a la entidad mejore la condici\u00f3n de calles de la comunidad que son de tierra todas las adyacentes a la Avenida Central y el sector La Guajira en&nbsp;&nbsp;no aguantan la cantidad de polvor\u00edn que genera, asegur\u00f3 el dirigente comunitario H\u00e9ctor D\u00edaz, quien cuestion\u00f3 que teniendo all\u00ed mismo la cantera haya material para todos lados menos para ellos.<\/p>\n\n\n\n<p>En esta misma comunidad los padres de familia y estudiantes de la escuela primaria El Roble, tambi\u00e9n protestaron pero, en desacuerdo con el nombramiento de una nueva directora que seg\u00fan dicen viene sancionada de otra regi\u00f3n educativa por supuestos malos manejos del FECE, por lo que adem\u00e1s de la protesta suspender\u00e1n las clases este martes o hasta que se les d\u00e9 respuesta a sus preocupaciones.<\/p>\n\n\n\n<figure class=\"wp-block-image size-large\"><img decoding=\"async\" width=\"687\" height=\"1024\" src=\"https:\/\/mifavorita.com.pa\/2017\/wp-content\/uploads\/2023\/03\/img_0456-1-687x1024.jpg\" class=\"wp-image-7854\" srcset=\"https:\/\/mifavorita.com.pa\/2017\/wp-content\/uploads\/2023\/03\/img_0456-1-687x1024.jpg 687w, https:\/\/mifavorita.com.pa\/2017\/wp-content\/uploads\/2023\/03\/img_0456-1-201x300.jpg 201w, https:\/\/mifavorita.com.pa\/2017\/wp-content\/uploads\/2023\/03\/img_0456-1-768x1145.jpg 768w, https:\/\/mifavorita.com.pa\/2017\/wp-content\/uploads\/2023\/03\/img_0456-1-1030x1536.jpg 1030w, https:\/\/mifavorita.com.pa\/2017\/wp-content\/uploads\/2023\/03\/img_0456-1.jpg 1123w\" sizes=\"(max-width: 687px) 100vw, 687px\" \/><\/figure>\n\n\n\n<p>Al mediod\u00eda de este lunes otros que tambi\u00e9n se manifestaron fueron los padres de familia de CEBG Juan Dem\u00f3stenes Arosemena de Pocr\u00ed en Aguadulce, preocupados por la destituci\u00f3n de la inspectora de la escuela, que aseguran es necesaria para mantener una vigilancia y orden en el turno de la ma\u00f1ana para los ni\u00f1os m\u00e1s peque\u00f1os por lo que exigen sea restituida al cargo.<\/p>\n","protected":false},"excerpt":{"rendered":"<p>EDILSA GONZ\u00c1LEZ ROCA. Un lunes de protesta se vivi\u00f3 este 30 de marzo en la provincia de Cocl\u00e9, padres de familias de al menos tres escuelas y residentes de una comunidad cerraron v\u00eda e hicieron protestas, exigiendo de las autoridades la soluci\u00f3n a la larga lista de problemas que enfrentan. La primera de las protestas [&hellip;]<\/p>\n","protected":false},"author":2,"featured_media":7850,"comment_status":"closed","ping_status":"open","sticky":false,"template":"","format":"standard","meta":{"footnotes":""},"categories":[1],"tags":[],"class_list":["post-7855","post","type-post","status-publish","format-standard","has-post-thumbnail","hentry","category-noticias"],"_links":{"self":[{"href":"https:\/\/mifavorita.com.pa\/2017\/wp-json\/wp\/v2\/posts\/7855","targetHints":{"allow":["GET"]}}],"collection":[{"href":"https:\/\/mifavorita.com.pa\/2017\/wp-json\/wp\/v2\/posts"}],"about":[{"href":"https:\/\/mifavorita.com.pa\/2017\/wp-json\/wp\/v2\/types\/post"}],"author":[{"embeddable":true,"href":"https:\/\/mifavorita.com.pa\/2017\/wp-json\/wp\/v2\/users\/2"}],"replies":[{"embeddable":true,"href":"https:\/\/mifavorita.com.pa\/2017\/wp-json\/wp\/v2\/comments?post=7855"}],"version-history":[{"count":1,"href":"https:\/\/mifavorita.com.pa\/2017\/wp-json\/wp\/v2\/posts\/7855\/revisions"}],"predecessor-version":[{"id":7856,"href":"https:\/\/mifavorita.com.pa\/2017\/wp-json\/wp\/v2\/posts\/7855\/revisions\/7856"}],"wp:featuredmedia":[{"embeddable":true,"href":"https:\/\/mifavorita.com.pa\/2017\/wp-json\/wp\/v2\/media\/7850"}],"wp:attachment":[{"href":"https:\/\/mifavorita.com.pa\/2017\/wp-json\/wp\/v2\/media?parent=7855"}],"wp:term":[{"taxonomy":"category","embeddable":true,"href":"https:\/\/mifavorita.com.pa\/2017\/wp-json\/wp\/v2\/categories?post=7855"},{"taxonomy":"post_tag","embeddable":true,"href":"https:\/\/mifavorita.com.pa\/2017\/wp-json\/wp\/v2\/tags?post=7855"}],"curies":[{"name":"wp","href":"https:\/\/api.w.org\/{rel}","templated":true}]}}