{"id":9592,"date":"2023-09-20T19:10:14","date_gmt":"2023-09-20T19:10:14","guid":{"rendered":"https:\/\/mifavorita.com.pa\/2017\/?p=9592"},"modified":"2023-09-20T19:10:16","modified_gmt":"2023-09-20T19:10:16","slug":"zona-policial-de-cocle-celebra-sus-87-anos-de-servicio-a-la-comunidad","status":"publish","type":"post","link":"https:\/\/mifavorita.com.pa\/2017\/zona-policial-de-cocle-celebra-sus-87-anos-de-servicio-a-la-comunidad\/","title":{"rendered":"ZONA POLICIAL DE COCL\u00c9 CELEBRA SUS 87 A\u00d1OS DE SERVICIO A LA COMUNIDAD"},"content":{"rendered":"\n<p>DAMGELA DE LE\u00d3N <\/p>\n\n\n\n<p>Con dianas, un trote simb\u00f3lico, una eucarist\u00eda y reconocimientos, unidades la&nbsp;Segunda&nbsp;Zona&nbsp;Policial de Cocl\u00e9 celebro este 20 de septiembre su 87 aniversario de servicio a la comunidad. Esta zona fue inaugurada en 1936, est\u00e1 encargada de procurad la seguridad y la paz de m\u00e1s de 200 mil habitantes de la provincia, y cuenta con 502 unidades.&nbsp;<\/p>\n\n\n\n<p>Desde las 5 de la ma\u00f1ana se realizaron las tradicionales dianas a las afueras del cuartel en Penonom\u00e9, y posteriormente realizaron un trote con la participaci\u00f3n de agentes de diversos puntos que fueron invitados.<\/p>\n\n\n\n<figure class=\"wp-block-image size-large\"><img fetchpriority=\"high\" decoding=\"async\" width=\"1024\" height=\"565\" src=\"https:\/\/mifavorita.com.pa\/2017\/wp-content\/uploads\/2023\/09\/img_2703-1024x565.jpg\" class=\"wp-image-9590\" srcset=\"https:\/\/mifavorita.com.pa\/2017\/wp-content\/uploads\/2023\/09\/img_2703-1024x565.jpg 1024w, https:\/\/mifavorita.com.pa\/2017\/wp-content\/uploads\/2023\/09\/img_2703-300x166.jpg 300w, https:\/\/mifavorita.com.pa\/2017\/wp-content\/uploads\/2023\/09\/img_2703-768x424.jpg 768w, https:\/\/mifavorita.com.pa\/2017\/wp-content\/uploads\/2023\/09\/img_2703.jpg 1169w\" sizes=\"(max-width: 1024px) 100vw, 1024px\" \/><\/figure>\n\n\n\n<p>A las 9 de la ma\u00f1ana, se llevo a cabo una eucarist\u00eda en la catedral san juan bautista, en donde el oficiante les record\u00f3 el deber y honor que conlleva pertenecer a esta instituci\u00f3n,&nbsp;y los&nbsp;muchos sacrificios&nbsp;que se hacen, por lo que&nbsp;los&nbsp;invit\u00f3 a recordar y orar por aquellos polic\u00edas que ya no est\u00e1n.&nbsp;<\/p>\n\n\n\n<p>Kevin Quiel, encargado del distrito de Ant\u00f3n, brind\u00f3 declaraciones en nombre del jefe de la zona Cesar Herrera, quien se encontraba cubriendo una acci\u00f3n de protestas del SUNTRACS,&nbsp;y dijo sentirse orgulloso de todo el trabajo que han estado realizando durante tantos a\u00f1os.<\/p>\n\n\n\n<p>Adem\u00e1s, agradeci\u00f3 a la comunidad el apoyo que siempre brindan a la Polic\u00eda Nacional en los diversos operativos y actividades preventivas que realizan. <\/p>\n\n\n\n<figure class=\"wp-block-image size-large\"><img decoding=\"async\" width=\"1024\" height=\"576\" src=\"https:\/\/mifavorita.com.pa\/2017\/wp-content\/uploads\/2023\/09\/97f65e6e-265d-4387-a5b6-81020938cff5-1024x576.jpg\" class=\"wp-image-9591\" srcset=\"https:\/\/mifavorita.com.pa\/2017\/wp-content\/uploads\/2023\/09\/97f65e6e-265d-4387-a5b6-81020938cff5-1024x576.jpg 1024w, https:\/\/mifavorita.com.pa\/2017\/wp-content\/uploads\/2023\/09\/97f65e6e-265d-4387-a5b6-81020938cff5-300x169.jpg 300w, https:\/\/mifavorita.com.pa\/2017\/wp-content\/uploads\/2023\/09\/97f65e6e-265d-4387-a5b6-81020938cff5-768x432.jpg 768w, https:\/\/mifavorita.com.pa\/2017\/wp-content\/uploads\/2023\/09\/97f65e6e-265d-4387-a5b6-81020938cff5-1200x675.jpg 1200w, https:\/\/mifavorita.com.pa\/2017\/wp-content\/uploads\/2023\/09\/97f65e6e-265d-4387-a5b6-81020938cff5.jpg 1280w\" sizes=\"(max-width: 1024px) 100vw, 1024px\" \/><\/figure>\n\n\n\n<p>Como parte de las actividades de celebraci\u00f3n, tambi\u00e9n entregaron canastillas de alimentos e insumos a familias necesitadas de la provincia, y realizaron una ceremonia de reconocimiento a dos unidades coclesanas que cumpl\u00edan 30 a\u00f1os de servicio y est\u00e1n a la espera de su jubilaci\u00f3n.&nbsp;<\/p>\n\n\n\n<p>Ten\u00edan planificada una feria institucional, sin embargo, por las constantes acciones de protestas que se han reportado en la provincia, decidieron cancelarla y poder enfocarse en la seguridad.<\/p>\n","protected":false},"excerpt":{"rendered":"<p>DAMGELA DE LE\u00d3N Con dianas, un trote simb\u00f3lico, una eucarist\u00eda y reconocimientos, unidades la&nbsp;Segunda&nbsp;Zona&nbsp;Policial de Cocl\u00e9 celebro este 20 de septiembre su 87 aniversario de servicio a la comunidad. Esta zona fue inaugurada en 1936, est\u00e1 encargada de procurad la seguridad y la paz de m\u00e1s de 200 mil habitantes de la provincia, y cuenta [&hellip;]<\/p>\n","protected":false},"author":2,"featured_media":9589,"comment_status":"closed","ping_status":"open","sticky":false,"template":"","format":"standard","meta":{"footnotes":""},"categories":[1],"tags":[],"class_list":["post-9592","post","type-post","status-publish","format-standard","has-post-thumbnail","hentry","category-noticias"],"_links":{"self":[{"href":"https:\/\/mifavorita.com.pa\/2017\/wp-json\/wp\/v2\/posts\/9592","targetHints":{"allow":["GET"]}}],"collection":[{"href":"https:\/\/mifavorita.com.pa\/2017\/wp-json\/wp\/v2\/posts"}],"about":[{"href":"https:\/\/mifavorita.com.pa\/2017\/wp-json\/wp\/v2\/types\/post"}],"author":[{"embeddable":true,"href":"https:\/\/mifavorita.com.pa\/2017\/wp-json\/wp\/v2\/users\/2"}],"replies":[{"embeddable":true,"href":"https:\/\/mifavorita.com.pa\/2017\/wp-json\/wp\/v2\/comments?post=9592"}],"version-history":[{"count":1,"href":"https:\/\/mifavorita.com.pa\/2017\/wp-json\/wp\/v2\/posts\/9592\/revisions"}],"predecessor-version":[{"id":9593,"href":"https:\/\/mifavorita.com.pa\/2017\/wp-json\/wp\/v2\/posts\/9592\/revisions\/9593"}],"wp:featuredmedia":[{"embeddable":true,"href":"https:\/\/mifavorita.com.pa\/2017\/wp-json\/wp\/v2\/media\/9589"}],"wp:attachment":[{"href":"https:\/\/mifavorita.com.pa\/2017\/wp-json\/wp\/v2\/media?parent=9592"}],"wp:term":[{"taxonomy":"category","embeddable":true,"href":"https:\/\/mifavorita.com.pa\/2017\/wp-json\/wp\/v2\/categories?post=9592"},{"taxonomy":"post_tag","embeddable":true,"href":"https:\/\/mifavorita.com.pa\/2017\/wp-json\/wp\/v2\/tags?post=9592"}],"curies":[{"name":"wp","href":"https:\/\/api.w.org\/{rel}","templated":true}]}}